{"id":1028,"date":"2025-10-22T08:43:33","date_gmt":"2025-10-22T06:43:33","guid":{"rendered":"https:\/\/www.jedecore.fr\/blog\/?p=1028"},"modified":"2025-10-22T08:43:35","modified_gmt":"2025-10-22T06:43:35","slug":"3-ambiances-murales-inspirees-de-lart-et-de-la-matiere","status":"publish","type":"post","link":"https:\/\/www.jedecore.fr\/blog\/3-ambiances-murales-inspirees-de-lart-et-de-la-matiere\/","title":{"rendered":"3 ambiances murales inspir\u00e9es de l\u2019art et de la mati\u00e8re"},"content":{"rendered":"\n<p style=\"font-size:19px\">Envie d&rsquo;une d\u00e9coration murale qui donne du caract\u00e8re \u00e0 votre int\u00e9rieur ? Que vous soyez amateur d\u2019histoire, passionn\u00e9 de design ou en qu\u00eate de s\u00e9r\u00e9nit\u00e9, d\u00e9couvrez trois papiers peints qui marient harmonieusement artisanat, g\u00e9om\u00e9trie et textures naturelles. Une invitation au voyage visuel \u00e0 travers les styles et les \u00e9poques. <\/p>\n\n\n\n<div style=\"height:20px\" aria-hidden=\"true\" class=\"wp-block-spacer\"><\/div>\n\n\n\n<h2 class=\"wp-block-heading has-larger-font-size\">Ambiance Nature Chic<\/h2>\n\n\n\n<div style=\"height:10px\" aria-hidden=\"true\" class=\"wp-block-spacer\"><\/div>\n\n\n<div class=\"wp-block-image\">\n<figure class=\"aligncenter is-resized\"><img decoding=\"async\" src=\"https:\/\/lh7-rt.googleusercontent.com\/docsz\/AD_4nXcfS4CKaSFZo0Vr9lYYu--FKyywer24uHHhHrAV5cENhuTO1P41uggomBh8DXCr4q70tP7XGlh1H3JM8bsNUU9LMrfez4ObmgebpYsPly_YKD-ShdNBcJk9N3k9wRYMlC69r8-U?key=pf3xS3ii-dO7HbIf5Scg8A\" alt=\"\" style=\"width:500px\"\/><\/figure>\n<\/div>\n\n\n<div style=\"height:10px\" aria-hidden=\"true\" class=\"wp-block-spacer\"><\/div>\n\n\n\n<p style=\"font-size:19px\">Un mur sublim\u00e9 par un motif v\u00e9g\u00e9tal dor\u00e9 : entre \u00e9l\u00e9gance et douceur, cette d\u00e9co cr\u00e9e un cocon chaleureux et lumineux. L&rsquo;association du papier peint graphique et des mati\u00e8res naturelles (bois, lin, terre cuite) \u00e9voque une atmosph\u00e8re apaisante, raffin\u00e9e et intemporelle.<\/p>\n\n\n\n<p style=\"font-size:19px\">\ud83d\uddbc\ufe0f <strong>Style :<\/strong> Boh\u00e8me sophistiqu\u00e9e<br>\ud83c\udfa8 <strong>Palette :<\/strong> Blanc cass\u00e9, or doux, tons terre cuite<br>\ud83d\udca1 <strong>Id\u00e9al pour :<\/strong> salon en qu\u00eate de lumi\u00e8re et de caract\u00e8re<\/p>\n\n\n\n<div style=\"height:20px\" aria-hidden=\"true\" class=\"wp-block-spacer\"><\/div>\n\n\n\n<h2 class=\"wp-block-heading has-larger-font-size\">Ambiance M\u00e9diterran\u00e9enne Vintage<\/h2>\n\n\n\n<div style=\"height:10px\" aria-hidden=\"true\" class=\"wp-block-spacer\"><\/div>\n\n\n<div class=\"wp-block-image\">\n<figure class=\"aligncenter is-resized\"><img decoding=\"async\" src=\"https:\/\/lh7-rt.googleusercontent.com\/docsz\/AD_4nXfkVfO4cZPSjVmn219oNRpckxn6ouCVI3CI6mBN0dP0WDG28JJRkmZMMPHYj0qb_slUB-IruPDGibKh8U96sCH7tMUDMfKe3_xMZ2n-gR9BHZfS4qXoWH8dRr5ChKuMe-3dCsEyyg?key=pf3xS3ii-dO7HbIf5Scg8A\" alt=\"\" style=\"width:500px\"\/><\/figure>\n<\/div>\n\n\n<div style=\"height:10px\" aria-hidden=\"true\" class=\"wp-block-spacer\"><\/div>\n\n\n\n<p style=\"font-size:19px\">Un motif inspir\u00e9 des carreaux de ciment traditionnels, pour une immersion imm\u00e9diate dans le charme du sud. Ce papier peint apporte du rythme, de la chaleur et une touche r\u00e9tro pleine de caract\u00e8re.<\/p>\n\n\n\n<p style=\"font-size:19px\">\ud83c\udffa <strong>Style <\/strong>: Authentique et ensoleill\u00e9<br>\ud83c\udfa8 <strong>Palette <\/strong>: Terracotta, noir profond, cr\u00e8me<br>\ud83d\udca1 <strong>Id\u00e9al pour<\/strong> : cuisine ouverte, entr\u00e9e ou pi\u00e8ce de vie avec du cachet<\/p>\n\n\n\n<div style=\"height:20px\" aria-hidden=\"true\" class=\"wp-block-spacer\"><\/div>\n\n\n\n<h2 class=\"wp-block-heading has-larger-font-size\">Ambiance Min\u00e9rale &amp; Apaisante<\/h2>\n\n\n\n<div style=\"height:10px\" aria-hidden=\"true\" class=\"wp-block-spacer\"><\/div>\n\n\n<div class=\"wp-block-image\">\n<figure class=\"aligncenter is-resized\"><img decoding=\"async\" src=\"https:\/\/lh7-rt.googleusercontent.com\/docsz\/AD_4nXf8AQXFPR9gtPskbzwYDGENlEi6jlBPj62hdxWs-CeYqJxNdRsRlE36g9L92jnmjKUEFx453gbmY_bpP1POTiOitkOVOin_1Nza7zCYfz02gddXozYSHD7aQs9pICkAhhaQqaIR?key=pf3xS3ii-dO7HbIf5Scg8A\" alt=\"\" style=\"width:500px\"\/><\/figure>\n<\/div>\n\n\n<div style=\"height:10px\" aria-hidden=\"true\" class=\"wp-block-spacer\"><\/div>\n\n\n\n<p style=\"font-size:19px\">Ce papier peint aux effets de marbre doux cr\u00e9e une atmosph\u00e8re zen et lumineuse. Ses nuances beiges subtilement nuag\u00e9es rappellent les textures naturelles de la pierre polie.<\/p>\n\n\n\n<p style=\"font-size:19px\">\ud83d\uddbc\ufe0f <strong>Style <\/strong>: \u00c9l\u00e9gant et minimaliste<br>\ud83c\udfa8 <strong>Palette <\/strong>: Sable, cr\u00e8me, beige dor\u00e9<br>\ud83d\udca1 <strong>Id\u00e9al pour<\/strong> : chambre, salon ou salle de bain esprit spa<\/p>\n\n\n\n<div style=\"height:20px\" aria-hidden=\"true\" class=\"wp-block-spacer\"><\/div>\n\n\n\n<h2 class=\"wp-block-heading has-larger-font-size\">L\u2019Art du Mur Personnalis\u00e9<\/h2>\n\n\n\n<p style=\"font-size:19px\">Chacune de ces ambiances illustre le pouvoir transformateur du papier peint dans une pi\u00e8ce. Chez jedecore.fr, tous nos mod\u00e8les sont personnalisables en taille et en finition pour s\u2019adapter parfaitement \u00e0 votre espace. Mettez en sc\u00e8ne votre propre univers !<\/p>\n\n\n\n<p><\/p>\n","protected":false},"excerpt":{"rendered":"<p>Envie d&rsquo;une d\u00e9coration murale qui donne du caract\u00e8re \u00e0 votre int\u00e9rieur ? Que vous soyez amateur d\u2019histoire, passionn\u00e9 de design ou en qu\u00eate de s\u00e9r\u00e9nit\u00e9, d\u00e9couvrez trois papiers peints qui marient harmonieusement artisanat, g\u00e9om\u00e9trie et textures naturelles. Une invitation au voyage visuel \u00e0 travers les styles et les \u00e9poques. Ambiance Nature Chic Un mur sublim\u00e9 [&hellip;]<\/p>\n","protected":false},"author":1,"featured_media":1035,"comment_status":"open","ping_status":"open","sticky":false,"template":"","format":"standard","meta":{"_editorskit_title_hidden":false,"_editorskit_reading_time":0,"_editorskit_is_block_options_detached":false,"_editorskit_block_options_position":"{}","footnotes":""},"categories":[1],"tags":[],"class_list":["post-1028","post","type-post","status-publish","format-standard","has-post-thumbnail","hentry","category-decoration-interieure"],"yoast_head":"<!-- This site is optimized with the Yoast SEO plugin v27.5 - https:\/\/yoast.com\/product\/yoast-seo-wordpress\/ -->\r\n<title>3 ambiances murales inspir\u00e9es de l\u2019art et de la mati\u00e8re - JeDecore<\/title>\r\n<meta name=\"description\" content=\"3 ambiances murales uniques : nature chic, m\u00e9diterran\u00e9enne ou min\u00e9rale. Des papiers peints personnalis\u00e9s pour sublimer votre int\u00e9rieur.\" \/>\r\n<meta name=\"robots\" content=\"index, follow, max-snippet:-1, max-image-preview:large, max-video-preview:-1\" \/>\r\n<link rel=\"canonical\" href=\"https:\/\/www.jedecore.fr\/blog\/3-ambiances-murales-inspirees-de-lart-et-de-la-matiere\/\" \/>\r\n<meta property=\"og:locale\" content=\"fr_FR\" \/>\r\n<meta property=\"og:type\" content=\"article\" \/>\r\n<meta property=\"og:title\" content=\"3 ambiances murales inspir\u00e9es de l\u2019art et de la mati\u00e8re - JeDecore\" \/>\r\n<meta property=\"og:description\" content=\"3 ambiances murales uniques : nature chic, m\u00e9diterran\u00e9enne ou min\u00e9rale. Des papiers peints personnalis\u00e9s pour sublimer votre int\u00e9rieur.\" \/>\r\n<meta property=\"og:url\" content=\"https:\/\/www.jedecore.fr\/blog\/3-ambiances-murales-inspirees-de-lart-et-de-la-matiere\/\" \/>\r\n<meta property=\"og:site_name\" content=\"JeDecore\" \/>\r\n<meta property=\"article:published_time\" content=\"2025-10-22T06:43:33+00:00\" \/>\r\n<meta property=\"article:modified_time\" content=\"2025-10-22T06:43:35+00:00\" \/>\r\n<meta property=\"og:image\" content=\"https:\/\/www.jedecore.fr\/blog\/wp-content\/uploads\/2025\/06\/shutterstock_2525680267-1.jpg\" \/>\r\n\t<meta property=\"og:image:width\" content=\"7000\" \/>\r\n\t<meta property=\"og:image:height\" content=\"4668\" \/>\r\n\t<meta property=\"og:image:type\" content=\"image\/jpeg\" \/>\r\n<meta name=\"author\" content=\"Thomas\" \/>\r\n<meta name=\"twitter:card\" content=\"summary_large_image\" \/>\r\n<meta name=\"twitter:label1\" content=\"\u00c9crit par\" \/>\n\t<meta name=\"twitter:data1\" content=\"Thomas\" \/>\n\t<meta name=\"twitter:label2\" content=\"Dur\u00e9e de lecture estim\u00e9e\" \/>\n\t<meta name=\"twitter:data2\" content=\"3 minutes\" \/>\r\n<script type=\"application\/ld+json\" class=\"yoast-schema-graph\">{\"@context\":\"https:\\\/\\\/schema.org\",\"@graph\":[{\"@type\":\"Article\",\"@id\":\"https:\\\/\\\/www.jedecore.fr\\\/blog\\\/3-ambiances-murales-inspirees-de-lart-et-de-la-matiere\\\/#article\",\"isPartOf\":{\"@id\":\"https:\\\/\\\/www.jedecore.fr\\\/blog\\\/3-ambiances-murales-inspirees-de-lart-et-de-la-matiere\\\/\"},\"author\":{\"name\":\"Thomas\",\"@id\":\"https:\\\/\\\/www.jedecore.fr\\\/blog\\\/#\\\/schema\\\/person\\\/e631975d90cc4526d81550253a8e2d03\"},\"headline\":\"3 ambiances murales inspir\u00e9es de l\u2019art et de la mati\u00e8re\",\"datePublished\":\"2025-10-22T06:43:33+00:00\",\"dateModified\":\"2025-10-22T06:43:35+00:00\",\"mainEntityOfPage\":{\"@id\":\"https:\\\/\\\/www.jedecore.fr\\\/blog\\\/3-ambiances-murales-inspirees-de-lart-et-de-la-matiere\\\/\"},\"wordCount\":318,\"commentCount\":0,\"publisher\":{\"@id\":\"https:\\\/\\\/www.jedecore.fr\\\/blog\\\/#organization\"},\"image\":{\"@id\":\"https:\\\/\\\/www.jedecore.fr\\\/blog\\\/3-ambiances-murales-inspirees-de-lart-et-de-la-matiere\\\/#primaryimage\"},\"thumbnailUrl\":\"https:\\\/\\\/www.jedecore.fr\\\/blog\\\/wp-content\\\/uploads\\\/2025\\\/06\\\/shutterstock_2525680267-1.jpg\",\"articleSection\":[\"D\u00e9coration int\u00e9rieure\"],\"inLanguage\":\"fr-FR\",\"potentialAction\":[{\"@type\":\"CommentAction\",\"name\":\"Comment\",\"target\":[\"https:\\\/\\\/www.jedecore.fr\\\/blog\\\/3-ambiances-murales-inspirees-de-lart-et-de-la-matiere\\\/#respond\"]}]},{\"@type\":\"WebPage\",\"@id\":\"https:\\\/\\\/www.jedecore.fr\\\/blog\\\/3-ambiances-murales-inspirees-de-lart-et-de-la-matiere\\\/\",\"url\":\"https:\\\/\\\/www.jedecore.fr\\\/blog\\\/3-ambiances-murales-inspirees-de-lart-et-de-la-matiere\\\/\",\"name\":\"3 ambiances murales inspir\u00e9es de l\u2019art et de la mati\u00e8re - JeDecore\",\"isPartOf\":{\"@id\":\"https:\\\/\\\/www.jedecore.fr\\\/blog\\\/#website\"},\"primaryImageOfPage\":{\"@id\":\"https:\\\/\\\/www.jedecore.fr\\\/blog\\\/3-ambiances-murales-inspirees-de-lart-et-de-la-matiere\\\/#primaryimage\"},\"image\":{\"@id\":\"https:\\\/\\\/www.jedecore.fr\\\/blog\\\/3-ambiances-murales-inspirees-de-lart-et-de-la-matiere\\\/#primaryimage\"},\"thumbnailUrl\":\"https:\\\/\\\/www.jedecore.fr\\\/blog\\\/wp-content\\\/uploads\\\/2025\\\/06\\\/shutterstock_2525680267-1.jpg\",\"datePublished\":\"2025-10-22T06:43:33+00:00\",\"dateModified\":\"2025-10-22T06:43:35+00:00\",\"description\":\"3 ambiances murales uniques : nature chic, m\u00e9diterran\u00e9enne ou min\u00e9rale. Des papiers peints personnalis\u00e9s pour sublimer votre int\u00e9rieur.\",\"breadcrumb\":{\"@id\":\"https:\\\/\\\/www.jedecore.fr\\\/blog\\\/3-ambiances-murales-inspirees-de-lart-et-de-la-matiere\\\/#breadcrumb\"},\"inLanguage\":\"fr-FR\",\"potentialAction\":[{\"@type\":\"ReadAction\",\"target\":[\"https:\\\/\\\/www.jedecore.fr\\\/blog\\\/3-ambiances-murales-inspirees-de-lart-et-de-la-matiere\\\/\"]}]},{\"@type\":\"ImageObject\",\"inLanguage\":\"fr-FR\",\"@id\":\"https:\\\/\\\/www.jedecore.fr\\\/blog\\\/3-ambiances-murales-inspirees-de-lart-et-de-la-matiere\\\/#primaryimage\",\"url\":\"https:\\\/\\\/www.jedecore.fr\\\/blog\\\/wp-content\\\/uploads\\\/2025\\\/06\\\/shutterstock_2525680267-1.jpg\",\"contentUrl\":\"https:\\\/\\\/www.jedecore.fr\\\/blog\\\/wp-content\\\/uploads\\\/2025\\\/06\\\/shutterstock_2525680267-1.jpg\",\"width\":7000,\"height\":4668},{\"@type\":\"BreadcrumbList\",\"@id\":\"https:\\\/\\\/www.jedecore.fr\\\/blog\\\/3-ambiances-murales-inspirees-de-lart-et-de-la-matiere\\\/#breadcrumb\",\"itemListElement\":[{\"@type\":\"ListItem\",\"position\":1,\"name\":\"Accueil\",\"item\":\"https:\\\/\\\/www.jedecore.fr\\\/blog\\\/\"},{\"@type\":\"ListItem\",\"position\":2,\"name\":\"3 ambiances murales inspir\u00e9es de l\u2019art et de la mati\u00e8re\"}]},{\"@type\":\"WebSite\",\"@id\":\"https:\\\/\\\/www.jedecore.fr\\\/blog\\\/#website\",\"url\":\"https:\\\/\\\/www.jedecore.fr\\\/blog\\\/\",\"name\":\"JeDecore\",\"description\":\"Ma d\u00e9co 100% personnalis\u00e9e !\",\"publisher\":{\"@id\":\"https:\\\/\\\/www.jedecore.fr\\\/blog\\\/#organization\"},\"potentialAction\":[{\"@type\":\"SearchAction\",\"target\":{\"@type\":\"EntryPoint\",\"urlTemplate\":\"https:\\\/\\\/www.jedecore.fr\\\/blog\\\/?s={search_term_string}\"},\"query-input\":{\"@type\":\"PropertyValueSpecification\",\"valueRequired\":true,\"valueName\":\"search_term_string\"}}],\"inLanguage\":\"fr-FR\"},{\"@type\":\"Organization\",\"@id\":\"https:\\\/\\\/www.jedecore.fr\\\/blog\\\/#organization\",\"name\":\"JeDecore\",\"url\":\"https:\\\/\\\/www.jedecore.fr\\\/blog\\\/\",\"logo\":{\"@type\":\"ImageObject\",\"inLanguage\":\"fr-FR\",\"@id\":\"https:\\\/\\\/www.jedecore.fr\\\/blog\\\/#\\\/schema\\\/logo\\\/image\\\/\",\"url\":\"https:\\\/\\\/www.jedecore.fr\\\/blog\\\/wp-content\\\/uploads\\\/2022\\\/03\\\/cropped-logo-je-decore.png\",\"contentUrl\":\"https:\\\/\\\/www.jedecore.fr\\\/blog\\\/wp-content\\\/uploads\\\/2022\\\/03\\\/cropped-logo-je-decore.png\",\"width\":940,\"height\":500,\"caption\":\"JeDecore\"},\"image\":{\"@id\":\"https:\\\/\\\/www.jedecore.fr\\\/blog\\\/#\\\/schema\\\/logo\\\/image\\\/\"}},{\"@type\":\"Person\",\"@id\":\"https:\\\/\\\/www.jedecore.fr\\\/blog\\\/#\\\/schema\\\/person\\\/e631975d90cc4526d81550253a8e2d03\",\"name\":\"Thomas\",\"image\":{\"@type\":\"ImageObject\",\"inLanguage\":\"fr-FR\",\"@id\":\"https:\\\/\\\/secure.gravatar.com\\\/avatar\\\/a29acbd2174611e826f7d881823703b38d7670f74c32c8b99d13ba9b25f07eff?s=96&d=mm&r=g\",\"url\":\"https:\\\/\\\/secure.gravatar.com\\\/avatar\\\/a29acbd2174611e826f7d881823703b38d7670f74c32c8b99d13ba9b25f07eff?s=96&d=mm&r=g\",\"contentUrl\":\"https:\\\/\\\/secure.gravatar.com\\\/avatar\\\/a29acbd2174611e826f7d881823703b38d7670f74c32c8b99d13ba9b25f07eff?s=96&d=mm&r=g\",\"caption\":\"Thomas\"},\"sameAs\":[\"https:\\\/\\\/www.jedecore.fr\\\/blog\"],\"url\":\"https:\\\/\\\/www.jedecore.fr\\\/blog\\\/author\\\/admin_jd\\\/\"}]}<\/script>\r\n<!-- \/ Yoast SEO plugin. -->","yoast_head_json":{"title":"3 ambiances murales inspir\u00e9es de l\u2019art et de la mati\u00e8re - JeDecore","description":"3 ambiances murales uniques : nature chic, m\u00e9diterran\u00e9enne ou min\u00e9rale. Des papiers peints personnalis\u00e9s pour sublimer votre int\u00e9rieur.","robots":{"index":"index","follow":"follow","max-snippet":"max-snippet:-1","max-image-preview":"max-image-preview:large","max-video-preview":"max-video-preview:-1"},"canonical":"https:\/\/www.jedecore.fr\/blog\/3-ambiances-murales-inspirees-de-lart-et-de-la-matiere\/","og_locale":"fr_FR","og_type":"article","og_title":"3 ambiances murales inspir\u00e9es de l\u2019art et de la mati\u00e8re - JeDecore","og_description":"3 ambiances murales uniques : nature chic, m\u00e9diterran\u00e9enne ou min\u00e9rale. Des papiers peints personnalis\u00e9s pour sublimer votre int\u00e9rieur.","og_url":"https:\/\/www.jedecore.fr\/blog\/3-ambiances-murales-inspirees-de-lart-et-de-la-matiere\/","og_site_name":"JeDecore","article_published_time":"2025-10-22T06:43:33+00:00","article_modified_time":"2025-10-22T06:43:35+00:00","og_image":[{"width":7000,"height":4668,"url":"https:\/\/www.jedecore.fr\/blog\/wp-content\/uploads\/2025\/06\/shutterstock_2525680267-1.jpg","type":"image\/jpeg"}],"author":"Thomas","twitter_card":"summary_large_image","twitter_misc":{"\u00c9crit par":"Thomas","Dur\u00e9e de lecture estim\u00e9e":"3 minutes"},"schema":{"@context":"https:\/\/schema.org","@graph":[{"@type":"Article","@id":"https:\/\/www.jedecore.fr\/blog\/3-ambiances-murales-inspirees-de-lart-et-de-la-matiere\/#article","isPartOf":{"@id":"https:\/\/www.jedecore.fr\/blog\/3-ambiances-murales-inspirees-de-lart-et-de-la-matiere\/"},"author":{"name":"Thomas","@id":"https:\/\/www.jedecore.fr\/blog\/#\/schema\/person\/e631975d90cc4526d81550253a8e2d03"},"headline":"3 ambiances murales inspir\u00e9es de l\u2019art et de la mati\u00e8re","datePublished":"2025-10-22T06:43:33+00:00","dateModified":"2025-10-22T06:43:35+00:00","mainEntityOfPage":{"@id":"https:\/\/www.jedecore.fr\/blog\/3-ambiances-murales-inspirees-de-lart-et-de-la-matiere\/"},"wordCount":318,"commentCount":0,"publisher":{"@id":"https:\/\/www.jedecore.fr\/blog\/#organization"},"image":{"@id":"https:\/\/www.jedecore.fr\/blog\/3-ambiances-murales-inspirees-de-lart-et-de-la-matiere\/#primaryimage"},"thumbnailUrl":"https:\/\/www.jedecore.fr\/blog\/wp-content\/uploads\/2025\/06\/shutterstock_2525680267-1.jpg","articleSection":["D\u00e9coration int\u00e9rieure"],"inLanguage":"fr-FR","potentialAction":[{"@type":"CommentAction","name":"Comment","target":["https:\/\/www.jedecore.fr\/blog\/3-ambiances-murales-inspirees-de-lart-et-de-la-matiere\/#respond"]}]},{"@type":"WebPage","@id":"https:\/\/www.jedecore.fr\/blog\/3-ambiances-murales-inspirees-de-lart-et-de-la-matiere\/","url":"https:\/\/www.jedecore.fr\/blog\/3-ambiances-murales-inspirees-de-lart-et-de-la-matiere\/","name":"3 ambiances murales inspir\u00e9es de l\u2019art et de la mati\u00e8re - JeDecore","isPartOf":{"@id":"https:\/\/www.jedecore.fr\/blog\/#website"},"primaryImageOfPage":{"@id":"https:\/\/www.jedecore.fr\/blog\/3-ambiances-murales-inspirees-de-lart-et-de-la-matiere\/#primaryimage"},"image":{"@id":"https:\/\/www.jedecore.fr\/blog\/3-ambiances-murales-inspirees-de-lart-et-de-la-matiere\/#primaryimage"},"thumbnailUrl":"https:\/\/www.jedecore.fr\/blog\/wp-content\/uploads\/2025\/06\/shutterstock_2525680267-1.jpg","datePublished":"2025-10-22T06:43:33+00:00","dateModified":"2025-10-22T06:43:35+00:00","description":"3 ambiances murales uniques : nature chic, m\u00e9diterran\u00e9enne ou min\u00e9rale. Des papiers peints personnalis\u00e9s pour sublimer votre int\u00e9rieur.","breadcrumb":{"@id":"https:\/\/www.jedecore.fr\/blog\/3-ambiances-murales-inspirees-de-lart-et-de-la-matiere\/#breadcrumb"},"inLanguage":"fr-FR","potentialAction":[{"@type":"ReadAction","target":["https:\/\/www.jedecore.fr\/blog\/3-ambiances-murales-inspirees-de-lart-et-de-la-matiere\/"]}]},{"@type":"ImageObject","inLanguage":"fr-FR","@id":"https:\/\/www.jedecore.fr\/blog\/3-ambiances-murales-inspirees-de-lart-et-de-la-matiere\/#primaryimage","url":"https:\/\/www.jedecore.fr\/blog\/wp-content\/uploads\/2025\/06\/shutterstock_2525680267-1.jpg","contentUrl":"https:\/\/www.jedecore.fr\/blog\/wp-content\/uploads\/2025\/06\/shutterstock_2525680267-1.jpg","width":7000,"height":4668},{"@type":"BreadcrumbList","@id":"https:\/\/www.jedecore.fr\/blog\/3-ambiances-murales-inspirees-de-lart-et-de-la-matiere\/#breadcrumb","itemListElement":[{"@type":"ListItem","position":1,"name":"Accueil","item":"https:\/\/www.jedecore.fr\/blog\/"},{"@type":"ListItem","position":2,"name":"3 ambiances murales inspir\u00e9es de l\u2019art et de la mati\u00e8re"}]},{"@type":"WebSite","@id":"https:\/\/www.jedecore.fr\/blog\/#website","url":"https:\/\/www.jedecore.fr\/blog\/","name":"JeDecore","description":"Ma d\u00e9co 100% personnalis\u00e9e !","publisher":{"@id":"https:\/\/www.jedecore.fr\/blog\/#organization"},"potentialAction":[{"@type":"SearchAction","target":{"@type":"EntryPoint","urlTemplate":"https:\/\/www.jedecore.fr\/blog\/?s={search_term_string}"},"query-input":{"@type":"PropertyValueSpecification","valueRequired":true,"valueName":"search_term_string"}}],"inLanguage":"fr-FR"},{"@type":"Organization","@id":"https:\/\/www.jedecore.fr\/blog\/#organization","name":"JeDecore","url":"https:\/\/www.jedecore.fr\/blog\/","logo":{"@type":"ImageObject","inLanguage":"fr-FR","@id":"https:\/\/www.jedecore.fr\/blog\/#\/schema\/logo\/image\/","url":"https:\/\/www.jedecore.fr\/blog\/wp-content\/uploads\/2022\/03\/cropped-logo-je-decore.png","contentUrl":"https:\/\/www.jedecore.fr\/blog\/wp-content\/uploads\/2022\/03\/cropped-logo-je-decore.png","width":940,"height":500,"caption":"JeDecore"},"image":{"@id":"https:\/\/www.jedecore.fr\/blog\/#\/schema\/logo\/image\/"}},{"@type":"Person","@id":"https:\/\/www.jedecore.fr\/blog\/#\/schema\/person\/e631975d90cc4526d81550253a8e2d03","name":"Thomas","image":{"@type":"ImageObject","inLanguage":"fr-FR","@id":"https:\/\/secure.gravatar.com\/avatar\/a29acbd2174611e826f7d881823703b38d7670f74c32c8b99d13ba9b25f07eff?s=96&d=mm&r=g","url":"https:\/\/secure.gravatar.com\/avatar\/a29acbd2174611e826f7d881823703b38d7670f74c32c8b99d13ba9b25f07eff?s=96&d=mm&r=g","contentUrl":"https:\/\/secure.gravatar.com\/avatar\/a29acbd2174611e826f7d881823703b38d7670f74c32c8b99d13ba9b25f07eff?s=96&d=mm&r=g","caption":"Thomas"},"sameAs":["https:\/\/www.jedecore.fr\/blog"],"url":"https:\/\/www.jedecore.fr\/blog\/author\/admin_jd\/"}]}},"_links":{"self":[{"href":"https:\/\/www.jedecore.fr\/blog\/wp-json\/wp\/v2\/posts\/1028","targetHints":{"allow":["GET"]}}],"collection":[{"href":"https:\/\/www.jedecore.fr\/blog\/wp-json\/wp\/v2\/posts"}],"about":[{"href":"https:\/\/www.jedecore.fr\/blog\/wp-json\/wp\/v2\/types\/post"}],"author":[{"embeddable":true,"href":"https:\/\/www.jedecore.fr\/blog\/wp-json\/wp\/v2\/users\/1"}],"replies":[{"embeddable":true,"href":"https:\/\/www.jedecore.fr\/blog\/wp-json\/wp\/v2\/comments?post=1028"}],"version-history":[{"count":4,"href":"https:\/\/www.jedecore.fr\/blog\/wp-json\/wp\/v2\/posts\/1028\/revisions"}],"predecessor-version":[{"id":1045,"href":"https:\/\/www.jedecore.fr\/blog\/wp-json\/wp\/v2\/posts\/1028\/revisions\/1045"}],"wp:featuredmedia":[{"embeddable":true,"href":"https:\/\/www.jedecore.fr\/blog\/wp-json\/wp\/v2\/media\/1035"}],"wp:attachment":[{"href":"https:\/\/www.jedecore.fr\/blog\/wp-json\/wp\/v2\/media?parent=1028"}],"wp:term":[{"taxonomy":"category","embeddable":true,"href":"https:\/\/www.jedecore.fr\/blog\/wp-json\/wp\/v2\/categories?post=1028"},{"taxonomy":"post_tag","embeddable":true,"href":"https:\/\/www.jedecore.fr\/blog\/wp-json\/wp\/v2\/tags?post=1028"}],"curies":[{"name":"wp","href":"https:\/\/api.w.org\/{rel}","templated":true}]}}