{"id":1143,"date":"2026-08-24T09:47:37","date_gmt":"2026-08-24T07:47:37","guid":{"rendered":"https:\/\/www.jedecore.fr\/blog\/?p=1143"},"modified":"2026-08-24T09:48:46","modified_gmt":"2026-08-24T07:48:46","slug":"transformer-son-interieur-en-maison-de-vacances","status":"publish","type":"post","link":"https:\/\/www.jedecore.fr\/blog\/transformer-son-interieur-en-maison-de-vacances\/","title":{"rendered":"Transformer son int\u00e9rieur en maison de vacances"},"content":{"rendered":"\n<div class=\"wp-block-columns is-layout-flex wp-container-core-columns-is-layout-8f761849 wp-block-columns-is-layout-flex\">\n<div class=\"wp-block-column has-background is-layout-flow wp-block-column-is-layout-flow\" style=\"background-color:#a8b79e\">\n<div class=\"wp-block-columns is-layout-flex wp-container-core-columns-is-layout-8f761849 wp-block-columns-is-layout-flex\">\n<div class=\"wp-block-column is-layout-flow wp-block-column-is-layout-flow\"><div class=\"wp-block-image\">\n<figure class=\"aligncenter size-full is-resized\"><img fetchpriority=\"high\" decoding=\"async\" width=\"1080\" height=\"1350\" src=\"https:\/\/www.jedecore.fr\/blog\/wp-content\/uploads\/2026\/08\/maison-de-vacances.jpg\" alt=\"\" class=\"wp-image-1148\" style=\"width:327px;height:auto\"\/><\/figure>\n<\/div><\/div>\n\n\n\n<div class=\"wp-block-column has-mobile-text-align-left is-layout-flow wp-block-column-is-layout-flow\">\n<div style=\"height:12px\" aria-hidden=\"true\" class=\"wp-block-spacer\"><\/div>\n\n\n\n<h1 class=\"wp-block-heading has-text-color has-link-color wp-elements-022657c38691bbc41c1a54420ff3a370\" style=\"color:#ffffff;font-size:45px\">Transformer son int\u00e9rieur en maison de vacances<\/h1>\n\n\n\n<p class=\"has-text-align-left has-text-color has-link-color wp-elements-129b31cd1ae6ddc187d65321016e4cd3 wp-block-paragraph\" style=\"color:#ffffff;font-size:19px\">Et si cette ann\u00e9e, les vacances ne s\u2019arr\u00eataient pas au moment de poser les valises dans l\u2019entr\u00e9e ? \ud83c\udf34<\/p>\n\n\n\n<p class=\"has-text-color has-link-color wp-elements-8fb8bf6804db21e59860eb775430b22a wp-block-paragraph\" style=\"color:#ffffff;font-size:19px\">Pas besoin de prendre l\u2019avion ou de parcourir des centaines de kilom\u00e8tres pour retrouver cette douce sensation d\u2019\u00e9vasion. Quelques changements dans la d\u00e9coration peuvent suffire \u00e0 transformer son int\u00e9rieur en v\u00e9ritable <strong>maison de vacances<\/strong>.<\/p>\n\n\n\n<p class=\"has-text-color has-link-color wp-elements-048726282d588841d34e1b10b18cb2ac wp-block-paragraph\" style=\"color:#ffffff;font-size:19px\">Alors, voici nos id\u00e9es pour cr\u00e9er une maison o\u00f9 l\u2019on se sent un peu\u2026 en vacances toute l\u2019ann\u00e9e ! \u2600\ufe0f<\/p>\n\n\n\n<div style=\"height:12px\" aria-hidden=\"true\" class=\"wp-block-spacer\"><\/div>\n<\/div>\n<\/div>\n<\/div>\n<\/div>\n\n\n\n<div style=\"height:20px\" aria-hidden=\"true\" class=\"wp-block-spacer\"><\/div>\n\n\n\n<h2 class=\"wp-block-heading has-larger-font-size\"><strong>Pourquoi transformer sa maison en maison de vacances ?<\/strong><\/h2>\n\n\n\n<p class=\"wp-block-paragraph\" style=\"font-size:19px\">Qui a dit que les vacances devaient forc\u00e9ment avoir une date de d\u00e9but et une date de fin ? Apr\u00e8s quelques jours au soleil, il n\u2019est pas toujours facile de retrouver le rythme du quotidien. Heureusement, la d\u00e9coration peut donner un petit coup de pouce ! <strong>Transformer son int\u00e9rieur en maison de vacances<\/strong>, c\u2019est avant tout cr\u00e9er un espace dans lequel on se sent bien, d\u00e9tendu et d\u00e9pays\u00e9, m\u00eame lorsque les prochaines vacances semblent encore bien loin.<\/p>\n\n\n\n<div style=\"height:20px\" aria-hidden=\"true\" class=\"wp-block-spacer\"><\/div>\n\n\n\n<h3 class=\"wp-block-heading\" style=\"font-size:19px\"><strong>Cr\u00e9er une sensation d\u2019\u00e9vasion au quotidien<\/strong><\/h3>\n\n\n\n<p class=\"wp-block-paragraph\" style=\"font-size:19px\">Une <strong>d\u00e9coration inspir\u00e9e des vacances<\/strong> permet de changer compl\u00e8tement l\u2019atmosph\u00e8re d\u2019une pi\u00e8ce. Un joli paysage de bord de mer sur un mur, des couleurs rappelant les maisons m\u00e9diterran\u00e9ennes ou quelques mati\u00e8res naturelles peuvent suffire \u00e0 nous faire voyager sans bouger du canap\u00e9.<\/p>\n\n\n\n<p class=\"wp-block-paragraph\" style=\"font-size:19px\">Et avouons-le : retrouver chaque jour un petit bout de ses vacances, c\u2019est quand m\u00eame plus agr\u00e9able que de compter les jours jusqu\u2019aux prochaines !<\/p>\n\n\n\n<div style=\"height:20px\" aria-hidden=\"true\" class=\"wp-block-spacer\"><\/div>\n\n\n\n<h3 class=\"wp-block-heading\" style=\"font-size:19px\"><strong>Faire entrer le soleil dans son int\u00e9rieur<\/strong><\/h3>\n\n\n\n<p class=\"wp-block-paragraph\" style=\"font-size:19px\">Les vacances sont souvent associ\u00e9es \u00e0 la lumi\u00e8re, aux couleurs chaleureuses et \u00e0 cette impression de l\u00e9g\u00e8ret\u00e9 que l\u2019on aimerait bien conserver toute l\u2019ann\u00e9e. La d\u00e9coration permet justement de prolonger cette sensation.<\/p>\n\n\n\n<p class=\"wp-block-paragraph\" style=\"font-size:19px\">Des teintes sable, terracotta, bleu, vert ou jaune peuvent apporter instantan\u00e9ment de la chaleur \u00e0 une pi\u00e8ce. Associ\u00e9es \u00e0 du bois clair, du rotin ou du lin, elles cr\u00e9ent une ambiance naturelle, parfaite pour <strong>donner \u00e0 son int\u00e9rieur des airs de maison de vacances<\/strong>.<\/p>\n\n\n\n<div style=\"height:20px\" aria-hidden=\"true\" class=\"wp-block-spacer\"><\/div>\n\n\n\n<h3 class=\"wp-block-heading\" style=\"font-size:19px\"><strong>Se sentir vraiment bien chez soi<\/strong><\/h3>\n\n\n\n<p class=\"wp-block-paragraph\" style=\"font-size:19px\">Au-del\u00e0 de l\u2019aspect esth\u00e9tique, une d\u00e9coration qui nous ressemble contribue aussi \u00e0 notre bien-\u00eatre. Apr\u00e8s tout, notre int\u00e9rieur est notre refuge : autant en faire un endroit o\u00f9 l\u2019on aime passer du temps !<\/p>\n\n\n\n<p class=\"wp-block-paragraph\" style=\"font-size:19px\">Cr\u00e9er une ambiance inspir\u00e9e d\u2019un lieu que l\u2019on affectionne, d\u2019un voyage marquant ou simplement de l\u2019atmosph\u00e8re des vacances permet de personnaliser son int\u00e9rieur et de lui donner une \u00e2me.<\/p>\n\n\n\n<div style=\"height:20px\" aria-hidden=\"true\" class=\"wp-block-spacer\"><\/div>\n\n\n\n<h3 class=\"wp-block-heading\" style=\"font-size:19px\"><strong>Prolonger les souvenirs de vacances<\/strong><\/h3>\n\n\n\n<p class=\"wp-block-paragraph\" style=\"font-size:19px\">Et si vos plus beaux souvenirs devenaient aussi des \u00e9l\u00e9ments de d\u00e9coration ? Une photo prise face \u00e0 la mer, un paysage d\u00e9couvert au cours d\u2019un voyage ou un coucher de soleil inoubliable peuvent trouver une seconde vie sur vos murs.<\/p>\n\n\n\n<p class=\"wp-block-paragraph\" style=\"font-size:19px\">Avec une d\u00e9coration personnalis\u00e9e, vos souvenirs ne restent plus simplement dans votre t\u00e9l\u00e9phone ou au fond d\u2019un album : ils deviennent de v\u00e9ritables pi\u00e8ces d\u00e9co. De quoi avoir l\u2019impression de repartir en vacances chaque fois que vous les regardez\u2026 sans m\u00eame avoir besoin de refaire sa valise ! \u2600\ufe0f<\/p>\n\n\n\n<div style=\"height:20px\" aria-hidden=\"true\" class=\"wp-block-spacer\"><\/div>\n\n\n\n<h2 class=\"wp-block-heading has-larger-font-size\"><strong>Misez sur les bonnes couleurs pour une ambiance estivale<\/strong><\/h2>\n\n\n\n<p class=\"wp-block-paragraph\" style=\"font-size:19px\">Pour <strong>donner \u00e0 son int\u00e9rieur un petit air de vacances<\/strong>, inutile de sortir les tongs et les bou\u00e9es gonflables. La <a href=\"https:\/\/www.jedecore.fr\/blog\/couleurs-et-psychologies-linfluence-des-couleurs-sur-notre-humeur\/\">couleur<\/a> suffit d\u00e9j\u00e0 \u00e0 faire voyager. Bien choisies, quelques teintes peuvent changer l\u2019ambiance d\u2019une pi\u00e8ce et lui apporter cette sensation de soleil, de fra\u00eecheur et d\u2019\u00e9vasion que l\u2019on aime tant pendant les vacances.<\/p>\n\n\n\n<div style=\"height:20px\" aria-hidden=\"true\" class=\"wp-block-spacer\"><\/div>\n\n\n\n<h3 class=\"wp-block-heading\" style=\"font-size:19px\"><strong>Bleu et blanc pour une ambiance bord de mer<\/strong><\/h3>\n\n\n\n<p class=\"wp-block-paragraph\" style=\"font-size:19px\">Difficile de parler de <strong>d\u00e9coration estivale<\/strong> sans penser au bleu ! Bleu ciel, bleu profond ou bleu turquoise : cette couleur fait imm\u00e9diatement penser \u00e0 la mer et aux vacances.<\/p>\n\n\n\n<p class=\"wp-block-paragraph\" style=\"font-size:19px\">Associ\u00e9 au blanc, il permet de cr\u00e9er une atmosph\u00e8re fra\u00eeche et lumineuse, comme les maisons en bord de mer. Quelques touches de bois clair, de beige viennent compl\u00e9ter l\u2019ensemble pour une d\u00e9coration apaisante.<\/p>\n\n\n\n<p class=\"wp-block-paragraph\" style=\"font-size:19px\">Et pas besoin d&rsquo;habiter face \u00e0 l\u2019oc\u00e9an pour en profiter : quelques nuances de bleu sur les murs ou dans les accessoires peuvent suffire \u00e0 faire souffler un petit vent marin dans votre salon.<\/p>\n\n\n\n<div style=\"height:20px\" aria-hidden=\"true\" class=\"wp-block-spacer\"><\/div>\n\n\n\n<h3 class=\"wp-block-heading\" style=\"font-size:19px\"><strong>Terracotta, beige et ocre pour une ambiance m\u00e9diterran\u00e9enne<\/strong><\/h3>\n\n\n\n<p class=\"wp-block-paragraph\" style=\"font-size:19px\">Direction le Sud ! Pour retrouver l\u2019atmosph\u00e8re chaleureuse des maisons m\u00e9diterran\u00e9ennes, misez sur des teintes naturelles et ensoleill\u00e9es.<\/p>\n\n\n\n<p class=\"wp-block-paragraph\" style=\"font-size:19px\">La terracotta rappelle les fa\u00e7ades en terre cuite, les poteries artisanales et les paysages baign\u00e9s de soleil. Le beige et l\u2019\u00e9cru apportent quant \u00e0 eux de la douceur, tandis que les nuances d\u2019ocre et de jaune r\u00e9chauffent l\u2019ensemble.<\/p>\n\n\n\n<p class=\"wp-block-paragraph\" style=\"font-size:19px\">Associ\u00e9es \u00e0 du bois, du lin ou du rotin, ces couleurs cr\u00e9ent une ambiance chaleureuse et authentique. On ferme les yeux, on entend presque les cigales\u2026 \ud83c\udf1e<\/p>\n\n\n\n<div style=\"height:10px\" aria-hidden=\"true\" class=\"wp-block-spacer\"><\/div>\n\n\n<div class=\"wp-block-image\">\n<figure class=\"aligncenter size-full\"><img decoding=\"async\" width=\"1200\" height=\"1200\" src=\"https:\/\/www.jedecore.fr\/blog\/wp-content\/uploads\/2026\/08\/decoration-estivale-terracotta-1.jpg\" alt=\"d\u00e9coration terracotta\" class=\"wp-image-1158\"\/><\/figure>\n<\/div>\n\n\n<div style=\"height:20px\" aria-hidden=\"true\" class=\"wp-block-spacer\"><\/div>\n\n\n\n<h3 class=\"wp-block-heading\" style=\"font-size:19px\"><strong>Vert, jaune et couleurs naturelles pour un esprit tropical<\/strong><\/h3>\n\n\n\n<p class=\"wp-block-paragraph\" style=\"font-size:19px\">Envie de vous \u00e9vader encore plus loin ? Cap sur les tropiques ! Le vert est \u00e9videmment incontournable pour cr\u00e9er une ambiance exotique. Vert fonc\u00e9, vert sauge ou vert profond peuvent \u00eatre associ\u00e9s \u00e0 des touches de jaune, de terracotta ou de beige.<\/p>\n\n\n\n<p class=\"wp-block-paragraph\" style=\"font-size:19px\">Pour renforcer cette sensation de d\u00e9paysement, n\u2019h\u00e9sitez pas \u00e0 jouer avec des motifs v\u00e9g\u00e9taux : feuilles de palmier, fleurs exotiques, notamment avec un papier peint tropical \ud83d\ude09<\/p>\n\n\n\n<p class=\"wp-block-paragraph\" style=\"font-size:19px\">L\u2019objectif n\u2019est pas de multiplier toutes les couleurs estivales disponibles dans le nuancier. Pour conserver une d\u00e9coration harmonieuse, mieux vaut choisir une couleur dominante, puis l\u2019accompagner de deux ou trois teintes compl\u00e9mentaires.<\/p>\n\n\n\n<p class=\"wp-block-paragraph\" style=\"font-size:19px\">Vous pouvez \u00e9galement partir d\u2019un \u00e9l\u00e9ment fort, comme un <a href=\"https:\/\/www.jedecore.fr\/papier-peint-panoramique\">papier peint panoramique<\/a> ou une image personnalis\u00e9e, et reprendre certaines de ses couleurs dans le reste de la d\u00e9coration. Le r\u00e9sultat sera plus coh\u00e9rent\u2026 et votre int\u00e9rieur aura ce petit suppl\u00e9ment d\u2019\u00e2me qui fait toute la diff\u00e9rence.<\/p>\n\n\n\n<div style=\"height:20px\" aria-hidden=\"true\" class=\"wp-block-spacer\"><\/div>\n\n\n\n<h2 class=\"wp-block-heading has-larger-font-size\"><strong>Faites entrer le soleil avec les mati\u00e8res naturelles<\/strong><\/h2>\n\n\n\n<p class=\"wp-block-paragraph\" style=\"font-size:19px\">Pour donner \u00e0 son int\u00e9rieur des airs de maison de vacances, les couleurs ne font pas tout. Les mati\u00e8res ont \u00e9galement leur petit r\u00f4le \u00e0 jouer !<\/p>\n\n\n\n<div style=\"height:20px\" aria-hidden=\"true\" class=\"wp-block-spacer\"><\/div>\n\n\n\n<h3 class=\"wp-block-heading\" style=\"font-size:19px\"><strong>Le bois, le rotin et le bambou<\/strong><\/h3>\n\n\n\n<p class=\"wp-block-paragraph\" style=\"font-size:19px\">Pour une d\u00e9co de vacances, difficile de faire l\u2019impasse sur les fibres naturelles. Une suspension en bambou, un fauteuil en rotin, une table en bois ou quelques paniers tress\u00e9s pour r\u00e9chauffer l\u2019atmosph\u00e8re.<\/p>\n\n\n\n<p class=\"wp-block-paragraph\" style=\"font-size:19px\">Ces mati\u00e8res s&rsquo;int\u00e8grent facilement dans diff\u00e9rents styles de d\u00e9coration. Elles fonctionnent aussi bien avec une ambiance bord de mer qu\u2019avec une d\u00e9coration m\u00e9diterran\u00e9enne, <a href=\"https:\/\/www.jedecore.fr\/blog\/decoration-ambiance-boheme-papiers-peints-floraux-pour-un-interieur-apaisant\/\">boh\u00e8me<\/a> ou tropicale.<\/p>\n\n\n\n<div style=\"height:20px\" aria-hidden=\"true\" class=\"wp-block-spacer\"><\/div>\n\n\n\n<h3 class=\"wp-block-heading\" style=\"font-size:19px\"><strong>Le lin et le coton<\/strong><\/h3>\n\n\n\n<p class=\"wp-block-paragraph\" style=\"font-size:19px\">Le linge de maison peut lui aussi contribuer. Rideaux en lin, coussins en coton, plaids l\u00e9gers ou linge de lit aux teintes naturelles donnent une impression de fra\u00eecheur et de l\u00e9g\u00e8ret\u00e9.<\/p>\n\n\n\n<p class=\"wp-block-paragraph\" style=\"font-size:19px\">Pour renforcer l\u2019<strong>esprit vacances<\/strong>, privil\u00e9giez les mati\u00e8res souples et respirantes ainsi que les couleurs douces : blanc cass\u00e9, \u00e9cru, beige, sable.<\/p>\n\n\n\n<p class=\"wp-block-paragraph\" style=\"font-size:19px\">Dans une chambre, par exemple, une parure en lin associ\u00e9e \u00e0 du bois clair peut donner l\u2019impression de dormir dans une jolie maison de vacances, m\u00eame lorsque le r\u00e9veil sonne beaucoup trop t\u00f4t !<\/p>\n\n\n\n<div style=\"height:20px\" aria-hidden=\"true\" class=\"wp-block-spacer\"><\/div>\n\n\n\n<h2 class=\"wp-block-heading has-larger-font-size\"><strong>Invitez le voyage sur vos murs<\/strong><\/h2>\n\n\n\n<h3 class=\"wp-block-heading\" style=\"font-size:19px\"><strong>Cr\u00e9er un d\u00e9cor immersif avec un papier peint personnalis\u00e9<\/strong><\/h3>\n\n\n\n<p class=\"wp-block-paragraph\" style=\"font-size:19px\">Pour donner une v\u00e9ritable impression d\u2019\u00e9vasion, le <a href=\"https:\/\/www.jedecore.fr\/papier-peint-personnalise\">papier peint personnalis\u00e9<\/a> est une solution id\u00e9ale. Imaginez un coucher de soleil sur la M\u00e9diterran\u00e9e dans le salon, une v\u00e9g\u00e9tation luxuriante dans la chambre ou un paysage de plage dans un espace d\u00e9tente\u2026<\/p>\n\n\n\n<p class=\"wp-block-paragraph\" style=\"font-size:19px\">Gr\u00e2ce \u00e0 un d\u00e9cor panoramique, un mur peut devenir une fen\u00eatre ouverte sur ailleurs. Et puisque le visuel est personnalis\u00e9, vous pouvez choisir une ambiance qui correspond parfaitement \u00e0 votre style et \u00e0 vos envies.<\/p>\n\n\n\n<p class=\"wp-block-paragraph\" style=\"font-size:19px\">C\u2019est aussi une belle mani\u00e8re de jouer avec les perspectives. Un paysage ouvert, une plage qui s\u2019\u00e9tend \u00e0 perte de vue ou une for\u00eat tropicale peuvent donner davantage de profondeur \u00e0 une pi\u00e8ce et renforcer cette agr\u00e9able sensation de d\u00e9paysement.<\/p>\n\n\n\n<div style=\"height:10px\" aria-hidden=\"true\" class=\"wp-block-spacer\"><\/div>\n\n\n<div class=\"wp-block-image\">\n<figure class=\"aligncenter size-full\"><a href=\"https:\/\/www.jedecore.fr\/papier-peint-personnalise\"><img decoding=\"async\" width=\"1600\" height=\"1200\" src=\"https:\/\/www.jedecore.fr\/blog\/wp-content\/uploads\/2026\/08\/papier-peint-personnalise.jpg\" alt=\"papier peint personnalis\u00e9 maison de vacances\" class=\"wp-image-1161\"\/><\/a><\/figure>\n<\/div>\n\n\n<div style=\"height:20px\" aria-hidden=\"true\" class=\"wp-block-spacer\"><\/div>\n\n\n\n<h3 class=\"wp-block-heading\" style=\"font-size:19px\"><strong>Transformer ses souvenirs de vacances en d\u00e9coration<\/strong><\/h3>\n\n\n\n<p class=\"wp-block-paragraph\" style=\"font-size:19px\">Et si le plus beau d\u00e9cor \u00e9tait celui que vous avez <a href=\"https:\/\/www.jedecore.fr\/blog\/imprimez-vos-photos-de-vacances-sur-un-poster-metallique\/\">vous-m\u00eame photographi\u00e9<\/a> ? Une plage, un coucher de soleil, ou un paysage qui vous a particuli\u00e8rement marqu\u00e9 peuvent devenir des \u00e9l\u00e9ments de d\u00e9coration.<\/p>\n\n\n\n<p class=\"wp-block-paragraph\" style=\"font-size:19px\">Plut\u00f4t que de laisser vos photos dormir dans la m\u00e9moire de votre t\u00e9l\u00e9phone, pourquoi ne pas les afficher fi\u00e8rement sur vos murs ? Un <a href=\"https:\/\/www.jedecore.fr\/poster-metallique-personnalise\">poster m\u00e9tallique personnalis\u00e9<\/a> permet notamment de donner une nouvelle dimension \u00e0 vos souvenirs gr\u00e2ce \u00e0 un support moderne et solide.<\/p>\n\n\n\n<div style=\"height:10px\" aria-hidden=\"true\" class=\"wp-block-spacer\"><\/div>\n\n\n\n<div class=\"wp-block-columns is-layout-flex wp-container-core-columns-is-layout-8f761849 wp-block-columns-is-layout-flex\">\n<div class=\"wp-block-column is-layout-flow wp-block-column-is-layout-flow\">\n<figure class=\"wp-block-image size-full\"><a href=\"https:\/\/www.jedecore.fr\/poster-metallique-personnalise\"><img loading=\"lazy\" decoding=\"async\" width=\"1080\" height=\"1180\" src=\"https:\/\/www.jedecore.fr\/blog\/wp-content\/uploads\/2026\/08\/poster-metallique-personnalise.jpg\" alt=\"poster m\u00e9tallique personnalis\u00e9 maison de vacances\" class=\"wp-image-1162\"\/><\/a><\/figure>\n<\/div>\n<\/div>\n\n\n\n<div style=\"height:20px\" aria-hidden=\"true\" class=\"wp-block-spacer\"><\/div>\n\n\n\n<h2 class=\"wp-block-heading has-larger-font-size\"><strong>Les petits d\u00e9tails qui font toute la diff\u00e9rence<\/strong><\/h2>\n\n\n\n<p class=\"wp-block-paragraph\" style=\"font-size:19px\">Une ambiance de <strong>maison de vacances<\/strong> ne repose pas uniquement sur un grand d\u00e9cor mural ou une nouvelle palette de couleurs. Parfois, ce sont les petits d\u00e9tails qui font toute la diff\u00e9rence.<\/p>\n\n\n\n<div style=\"height:20px\" aria-hidden=\"true\" class=\"wp-block-spacer\"><\/div>\n\n\n\n<h3 class=\"wp-block-heading\" style=\"font-size:19px\"><strong>Faire voyager les sens<\/strong><\/h3>\n\n\n\n<p class=\"wp-block-paragraph\" style=\"font-size:19px\">La d\u00e9coration ne se limite pas \u00e0 ce que l\u2019on voit ! Pour prolonger l\u2019ambiance estivale, pensez aussi aux parfums. Une bougie aux notes de mono\u00ef, de coco, d\u2019agrumes ou de fleur d\u2019oranger fait instantan\u00e9ment penser aux vacances..<\/p>\n\n\n\n<div style=\"height:20px\" aria-hidden=\"true\" class=\"wp-block-spacer\"><\/div>\n\n\n\n<h3 class=\"wp-block-heading\" style=\"font-size:19px\"><strong>Ajouter quelques touches v\u00e9g\u00e9tales<\/strong><\/h3>\n\n\n\n<p class=\"wp-block-paragraph\" style=\"font-size:19px\">Les plantes sont parfaites pour faire entrer un petit air d\u2019ailleurs dans la maison. Palmier, monstera, olivier, cactus ou plantes tombantes&#8230;<\/p>\n\n\n\n<div style=\"height:20px\" aria-hidden=\"true\" class=\"wp-block-spacer\"><\/div>\n\n\n\n<h3 class=\"wp-block-heading\" style=\"font-size:19px\"><strong>Jouer avec les textiles et les accessoires<\/strong><\/h3>\n\n\n\n<p class=\"wp-block-paragraph\" style=\"font-size:19px\">Quelques coussins, un plaid l\u00e9ger, un tapis en fibres naturelles ou des rideaux en lin peuvent \u00e9galement contribuer \u00e0 cr\u00e9er cette sensation de douceur.<\/p>\n\n\n\n<div style=\"height:20px\" aria-hidden=\"true\" class=\"wp-block-spacer\"><\/div>\n\n\n\n<h2 class=\"wp-block-heading has-larger-font-size\"><strong>Et si les vacances duraient toute l\u2019ann\u00e9e ?<\/strong><\/h2>\n\n\n\n<p class=\"wp-block-paragraph\" style=\"font-size:19px\">Et si le meilleur moyen de prolonger les vacances \u00e9tait tout simplement de les faire entrer dans son int\u00e9rieur ? M\u00eame lorsque les valises sont rang\u00e9es et que le quotidien reprend son rythme, rien ne vous oblige \u00e0 dire au revoir \u00e0 cette agr\u00e9able sensation d\u2019\u00e9vasion.&nbsp;<\/p>\n\n\n\n<p class=\"wp-block-paragraph\" style=\"font-size:19px\">L\u2019astuce consiste \u00e0 privil\u00e9gier des \u00e9l\u00e9ments intemporels plut\u00f4t qu\u2019une d\u00e9coration uniquement estivale. Un beau papier peint panoramique repr\u00e9sentant un paysage que vous aimez, un poster m\u00e9tallique personnalis\u00e9 avec une photo de voyage ou encore quelques mati\u00e8res naturelles peuvent parfaitement trouver leur place dans votre int\u00e9rieur en toute saison. En hiver comme en \u00e9t\u00e9, un coucher de soleil sur la M\u00e9diterran\u00e9e reste un coucher de soleil sur la M\u00e9diterran\u00e9e\u2026 et \u00e7a fait toujours son petit effet ! \ud83d\ude09<\/p>\n\n\n\n<p class=\"wp-block-paragraph\" style=\"font-size:19px\">Pour \u00e9viter l\u2019impression d\u2019une d\u00e9coration trop saisonni\u00e8re, associez ces \u00e9l\u00e9ments \u00e0 une base plus neutre. Des murs aux teintes douces, du bois, du lin, du beige permettront \u00e0 vos touches estivales de s\u2019int\u00e9grer facilement au fil des mois. Vous pourrez ensuite faire \u00e9voluer les petits accessoires selon vos envies : quelques coussins color\u00e9s en \u00e9t\u00e9, des textiles plus chaleureux lorsque les temp\u00e9ratures baissent, et bingo !<\/p>\n\n\n\n<p class=\"wp-block-paragraph\" style=\"font-size:19px\">Alors, pourquoi attendre les prochaines vacances pour s\u2019\u00e9vader\u2026 ? \u2600\ufe0f<\/p>\n\n\n\n<p class=\"wp-block-paragraph\"><\/p>\n","protected":false},"excerpt":{"rendered":"<p>Transformer son int\u00e9rieur en maison de vacances Et si cette ann\u00e9e, les vacances ne s\u2019arr\u00eataient pas au moment de poser les valises dans l\u2019entr\u00e9e ? \ud83c\udf34 Pas besoin de prendre l\u2019avion ou de parcourir des centaines de kilom\u00e8tres pour retrouver cette douce sensation d\u2019\u00e9vasion. Quelques changements dans la d\u00e9coration peuvent suffire \u00e0 transformer son int\u00e9rieur [&hellip;]<\/p>\n","protected":false},"author":1,"featured_media":1165,"comment_status":"open","ping_status":"open","sticky":false,"template":"","format":"standard","meta":{"_editorskit_title_hidden":false,"_editorskit_reading_time":0,"_editorskit_is_block_options_detached":false,"_editorskit_block_options_position":"{}","footnotes":""},"categories":[1],"tags":[],"class_list":["post-1143","post","type-post","status-publish","format-standard","has-post-thumbnail","hentry","category-decoration-interieure"],"yoast_head":"<!-- This site is optimized with the Yoast SEO plugin v28.4 - https:\/\/yoast.com\/product\/yoast-seo-wordpress\/ -->\r\n<title>Transformer son int\u00e9rieur en maison de vacances - JeDecore<\/title>\r\n<meta name=\"description\" content=\"Envie de prolonger les vacances ? D\u00e9couvrez nos id\u00e9es pour transformer votre int\u00e9rieur en maison de vacances.\" \/>\r\n<meta name=\"robots\" content=\"index, follow, max-snippet:-1, max-image-preview:large, max-video-preview:-1\" \/>\r\n<link rel=\"canonical\" href=\"https:\/\/www.jedecore.fr\/blog\/transformer-son-interieur-en-maison-de-vacances\/\" \/>\r\n<meta property=\"og:locale\" content=\"fr_FR\" \/>\r\n<meta property=\"og:type\" content=\"article\" \/>\r\n<meta property=\"og:title\" content=\"Transformer son int\u00e9rieur en maison de vacances - JeDecore\" \/>\r\n<meta property=\"og:description\" content=\"Envie de prolonger les vacances ? D\u00e9couvrez nos id\u00e9es pour transformer votre int\u00e9rieur en maison de vacances.\" \/>\r\n<meta property=\"og:url\" content=\"https:\/\/www.jedecore.fr\/blog\/transformer-son-interieur-en-maison-de-vacances\/\" \/>\r\n<meta property=\"og:site_name\" content=\"JeDecore\" \/>\r\n<meta property=\"article:published_time\" content=\"2026-08-24T07:47:37+00:00\" \/>\r\n<meta property=\"article:modified_time\" content=\"2026-08-24T07:48:46+00:00\" \/>\r\n<meta property=\"og:image\" content=\"https:\/\/www.jedecore.fr\/blog\/wp-content\/uploads\/2026\/08\/maison-de-vacances-2.jpg\" \/>\r\n\t<meta property=\"og:image:width\" content=\"864\" \/>\r\n\t<meta property=\"og:image:height\" content=\"462\" \/>\r\n\t<meta property=\"og:image:type\" content=\"image\/jpeg\" \/>\r\n<meta name=\"author\" content=\"Thomas\" \/>\r\n<meta name=\"twitter:card\" content=\"summary_large_image\" \/>\r\n<meta name=\"twitter:label1\" content=\"\u00c9crit par\" \/>\n\t<meta name=\"twitter:data1\" content=\"Thomas\" \/>\n\t<meta name=\"twitter:label2\" content=\"Dur\u00e9e de lecture estim\u00e9e\" \/>\n\t<meta name=\"twitter:data2\" content=\"10 minutes\" \/>\r\n<script type=\"application\/ld+json\" class=\"yoast-schema-graph\">{\"@context\":\"https:\\\/\\\/schema.org\",\"@graph\":[{\"@type\":\"Article\",\"@id\":\"https:\\\/\\\/www.jedecore.fr\\\/blog\\\/transformer-son-interieur-en-maison-de-vacances\\\/#article\",\"isPartOf\":{\"@id\":\"https:\\\/\\\/www.jedecore.fr\\\/blog\\\/transformer-son-interieur-en-maison-de-vacances\\\/\"},\"author\":{\"name\":\"Thomas\",\"@id\":\"https:\\\/\\\/www.jedecore.fr\\\/blog\\\/#\\\/schema\\\/person\\\/e631975d90cc4526d81550253a8e2d03\"},\"headline\":\"Transformer son int\u00e9rieur en maison de vacances\",\"datePublished\":\"2026-08-24T07:47:37+00:00\",\"dateModified\":\"2026-08-24T07:48:46+00:00\",\"mainEntityOfPage\":{\"@id\":\"https:\\\/\\\/www.jedecore.fr\\\/blog\\\/transformer-son-interieur-en-maison-de-vacances\\\/\"},\"wordCount\":1845,\"commentCount\":0,\"publisher\":{\"@id\":\"https:\\\/\\\/www.jedecore.fr\\\/blog\\\/#organization\"},\"image\":{\"@id\":\"https:\\\/\\\/www.jedecore.fr\\\/blog\\\/transformer-son-interieur-en-maison-de-vacances\\\/#primaryimage\"},\"thumbnailUrl\":\"https:\\\/\\\/www.jedecore.fr\\\/blog\\\/wp-content\\\/uploads\\\/2026\\\/08\\\/maison-de-vacances-2.jpg\",\"articleSection\":[\"D\u00e9coration int\u00e9rieure\"],\"inLanguage\":\"fr-FR\",\"potentialAction\":[{\"@type\":\"CommentAction\",\"name\":\"Comment\",\"target\":[\"https:\\\/\\\/www.jedecore.fr\\\/blog\\\/transformer-son-interieur-en-maison-de-vacances\\\/#respond\"]}]},{\"@type\":\"WebPage\",\"@id\":\"https:\\\/\\\/www.jedecore.fr\\\/blog\\\/transformer-son-interieur-en-maison-de-vacances\\\/\",\"url\":\"https:\\\/\\\/www.jedecore.fr\\\/blog\\\/transformer-son-interieur-en-maison-de-vacances\\\/\",\"name\":\"Transformer son int\u00e9rieur en maison de vacances - JeDecore\",\"isPartOf\":{\"@id\":\"https:\\\/\\\/www.jedecore.fr\\\/blog\\\/#website\"},\"primaryImageOfPage\":{\"@id\":\"https:\\\/\\\/www.jedecore.fr\\\/blog\\\/transformer-son-interieur-en-maison-de-vacances\\\/#primaryimage\"},\"image\":{\"@id\":\"https:\\\/\\\/www.jedecore.fr\\\/blog\\\/transformer-son-interieur-en-maison-de-vacances\\\/#primaryimage\"},\"thumbnailUrl\":\"https:\\\/\\\/www.jedecore.fr\\\/blog\\\/wp-content\\\/uploads\\\/2026\\\/08\\\/maison-de-vacances-2.jpg\",\"datePublished\":\"2026-08-24T07:47:37+00:00\",\"dateModified\":\"2026-08-24T07:48:46+00:00\",\"description\":\"Envie de prolonger les vacances ? D\u00e9couvrez nos id\u00e9es pour transformer votre int\u00e9rieur en maison de vacances.\",\"breadcrumb\":{\"@id\":\"https:\\\/\\\/www.jedecore.fr\\\/blog\\\/transformer-son-interieur-en-maison-de-vacances\\\/#breadcrumb\"},\"inLanguage\":\"fr-FR\",\"potentialAction\":[{\"@type\":\"ReadAction\",\"target\":[\"https:\\\/\\\/www.jedecore.fr\\\/blog\\\/transformer-son-interieur-en-maison-de-vacances\\\/\"]}]},{\"@type\":\"ImageObject\",\"inLanguage\":\"fr-FR\",\"@id\":\"https:\\\/\\\/www.jedecore.fr\\\/blog\\\/transformer-son-interieur-en-maison-de-vacances\\\/#primaryimage\",\"url\":\"https:\\\/\\\/www.jedecore.fr\\\/blog\\\/wp-content\\\/uploads\\\/2026\\\/08\\\/maison-de-vacances-2.jpg\",\"contentUrl\":\"https:\\\/\\\/www.jedecore.fr\\\/blog\\\/wp-content\\\/uploads\\\/2026\\\/08\\\/maison-de-vacances-2.jpg\",\"width\":864,\"height\":462,\"caption\":\"transformer son int\u00e9rieur en maison de vacances\"},{\"@type\":\"BreadcrumbList\",\"@id\":\"https:\\\/\\\/www.jedecore.fr\\\/blog\\\/transformer-son-interieur-en-maison-de-vacances\\\/#breadcrumb\",\"itemListElement\":[{\"@type\":\"ListItem\",\"position\":1,\"name\":\"Accueil\",\"item\":\"https:\\\/\\\/www.jedecore.fr\\\/blog\\\/\"},{\"@type\":\"ListItem\",\"position\":2,\"name\":\"Transformer son int\u00e9rieur en maison de vacances\"}]},{\"@type\":\"WebSite\",\"@id\":\"https:\\\/\\\/www.jedecore.fr\\\/blog\\\/#website\",\"url\":\"https:\\\/\\\/www.jedecore.fr\\\/blog\\\/\",\"name\":\"JeDecore\",\"description\":\"Ma d\u00e9co 100% personnalis\u00e9e !\",\"publisher\":{\"@id\":\"https:\\\/\\\/www.jedecore.fr\\\/blog\\\/#organization\"},\"potentialAction\":[{\"@type\":\"SearchAction\",\"target\":{\"@type\":\"EntryPoint\",\"urlTemplate\":\"https:\\\/\\\/www.jedecore.fr\\\/blog\\\/?s={search_term_string}\"},\"query-input\":{\"@type\":\"PropertyValueSpecification\",\"valueRequired\":true,\"valueName\":\"search_term_string\"}}],\"inLanguage\":\"fr-FR\"},{\"@type\":\"Organization\",\"@id\":\"https:\\\/\\\/www.jedecore.fr\\\/blog\\\/#organization\",\"name\":\"JeDecore\",\"url\":\"https:\\\/\\\/www.jedecore.fr\\\/blog\\\/\",\"logo\":{\"@type\":\"ImageObject\",\"inLanguage\":\"fr-FR\",\"@id\":\"https:\\\/\\\/www.jedecore.fr\\\/blog\\\/#\\\/schema\\\/logo\\\/image\\\/\",\"url\":\"https:\\\/\\\/www.jedecore.fr\\\/blog\\\/wp-content\\\/uploads\\\/2022\\\/03\\\/cropped-logo-je-decore.png\",\"contentUrl\":\"https:\\\/\\\/www.jedecore.fr\\\/blog\\\/wp-content\\\/uploads\\\/2022\\\/03\\\/cropped-logo-je-decore.png\",\"width\":940,\"height\":500,\"caption\":\"JeDecore\"},\"image\":{\"@id\":\"https:\\\/\\\/www.jedecore.fr\\\/blog\\\/#\\\/schema\\\/logo\\\/image\\\/\"}},{\"@type\":\"Person\",\"@id\":\"https:\\\/\\\/www.jedecore.fr\\\/blog\\\/#\\\/schema\\\/person\\\/e631975d90cc4526d81550253a8e2d03\",\"name\":\"Thomas\",\"image\":{\"@type\":\"ImageObject\",\"inLanguage\":\"fr-FR\",\"@id\":\"https:\\\/\\\/secure.gravatar.com\\\/avatar\\\/a29acbd2174611e826f7d881823703b38d7670f74c32c8b99d13ba9b25f07eff?s=96&d=mm&r=g\",\"url\":\"https:\\\/\\\/secure.gravatar.com\\\/avatar\\\/a29acbd2174611e826f7d881823703b38d7670f74c32c8b99d13ba9b25f07eff?s=96&d=mm&r=g\",\"contentUrl\":\"https:\\\/\\\/secure.gravatar.com\\\/avatar\\\/a29acbd2174611e826f7d881823703b38d7670f74c32c8b99d13ba9b25f07eff?s=96&d=mm&r=g\",\"caption\":\"Thomas\"},\"sameAs\":[\"https:\\\/\\\/www.jedecore.fr\\\/blog\"],\"url\":\"https:\\\/\\\/www.jedecore.fr\\\/blog\\\/author\\\/admin_jd\\\/\"}]}<\/script>\r\n<!-- \/ Yoast SEO plugin. -->","yoast_head_json":{"title":"Transformer son int\u00e9rieur en maison de vacances - JeDecore","description":"Envie de prolonger les vacances ? D\u00e9couvrez nos id\u00e9es pour transformer votre int\u00e9rieur en maison de vacances.","robots":{"index":"index","follow":"follow","max-snippet":"max-snippet:-1","max-image-preview":"max-image-preview:large","max-video-preview":"max-video-preview:-1"},"canonical":"https:\/\/www.jedecore.fr\/blog\/transformer-son-interieur-en-maison-de-vacances\/","og_locale":"fr_FR","og_type":"article","og_title":"Transformer son int\u00e9rieur en maison de vacances - JeDecore","og_description":"Envie de prolonger les vacances ? D\u00e9couvrez nos id\u00e9es pour transformer votre int\u00e9rieur en maison de vacances.","og_url":"https:\/\/www.jedecore.fr\/blog\/transformer-son-interieur-en-maison-de-vacances\/","og_site_name":"JeDecore","article_published_time":"2026-08-24T07:47:37+00:00","article_modified_time":"2026-08-24T07:48:46+00:00","og_image":[{"width":864,"height":462,"url":"https:\/\/www.jedecore.fr\/blog\/wp-content\/uploads\/2026\/08\/maison-de-vacances-2.jpg","type":"image\/jpeg"}],"author":"Thomas","twitter_card":"summary_large_image","twitter_misc":{"\u00c9crit par":"Thomas","Dur\u00e9e de lecture estim\u00e9e":"10 minutes"},"schema":{"@context":"https:\/\/schema.org","@graph":[{"@type":"Article","@id":"https:\/\/www.jedecore.fr\/blog\/transformer-son-interieur-en-maison-de-vacances\/#article","isPartOf":{"@id":"https:\/\/www.jedecore.fr\/blog\/transformer-son-interieur-en-maison-de-vacances\/"},"author":{"name":"Thomas","@id":"https:\/\/www.jedecore.fr\/blog\/#\/schema\/person\/e631975d90cc4526d81550253a8e2d03"},"headline":"Transformer son int\u00e9rieur en maison de vacances","datePublished":"2026-08-24T07:47:37+00:00","dateModified":"2026-08-24T07:48:46+00:00","mainEntityOfPage":{"@id":"https:\/\/www.jedecore.fr\/blog\/transformer-son-interieur-en-maison-de-vacances\/"},"wordCount":1845,"commentCount":0,"publisher":{"@id":"https:\/\/www.jedecore.fr\/blog\/#organization"},"image":{"@id":"https:\/\/www.jedecore.fr\/blog\/transformer-son-interieur-en-maison-de-vacances\/#primaryimage"},"thumbnailUrl":"https:\/\/www.jedecore.fr\/blog\/wp-content\/uploads\/2026\/08\/maison-de-vacances-2.jpg","articleSection":["D\u00e9coration int\u00e9rieure"],"inLanguage":"fr-FR","potentialAction":[{"@type":"CommentAction","name":"Comment","target":["https:\/\/www.jedecore.fr\/blog\/transformer-son-interieur-en-maison-de-vacances\/#respond"]}]},{"@type":"WebPage","@id":"https:\/\/www.jedecore.fr\/blog\/transformer-son-interieur-en-maison-de-vacances\/","url":"https:\/\/www.jedecore.fr\/blog\/transformer-son-interieur-en-maison-de-vacances\/","name":"Transformer son int\u00e9rieur en maison de vacances - JeDecore","isPartOf":{"@id":"https:\/\/www.jedecore.fr\/blog\/#website"},"primaryImageOfPage":{"@id":"https:\/\/www.jedecore.fr\/blog\/transformer-son-interieur-en-maison-de-vacances\/#primaryimage"},"image":{"@id":"https:\/\/www.jedecore.fr\/blog\/transformer-son-interieur-en-maison-de-vacances\/#primaryimage"},"thumbnailUrl":"https:\/\/www.jedecore.fr\/blog\/wp-content\/uploads\/2026\/08\/maison-de-vacances-2.jpg","datePublished":"2026-08-24T07:47:37+00:00","dateModified":"2026-08-24T07:48:46+00:00","description":"Envie de prolonger les vacances ? D\u00e9couvrez nos id\u00e9es pour transformer votre int\u00e9rieur en maison de vacances.","breadcrumb":{"@id":"https:\/\/www.jedecore.fr\/blog\/transformer-son-interieur-en-maison-de-vacances\/#breadcrumb"},"inLanguage":"fr-FR","potentialAction":[{"@type":"ReadAction","target":["https:\/\/www.jedecore.fr\/blog\/transformer-son-interieur-en-maison-de-vacances\/"]}]},{"@type":"ImageObject","inLanguage":"fr-FR","@id":"https:\/\/www.jedecore.fr\/blog\/transformer-son-interieur-en-maison-de-vacances\/#primaryimage","url":"https:\/\/www.jedecore.fr\/blog\/wp-content\/uploads\/2026\/08\/maison-de-vacances-2.jpg","contentUrl":"https:\/\/www.jedecore.fr\/blog\/wp-content\/uploads\/2026\/08\/maison-de-vacances-2.jpg","width":864,"height":462,"caption":"transformer son int\u00e9rieur en maison de vacances"},{"@type":"BreadcrumbList","@id":"https:\/\/www.jedecore.fr\/blog\/transformer-son-interieur-en-maison-de-vacances\/#breadcrumb","itemListElement":[{"@type":"ListItem","position":1,"name":"Accueil","item":"https:\/\/www.jedecore.fr\/blog\/"},{"@type":"ListItem","position":2,"name":"Transformer son int\u00e9rieur en maison de vacances"}]},{"@type":"WebSite","@id":"https:\/\/www.jedecore.fr\/blog\/#website","url":"https:\/\/www.jedecore.fr\/blog\/","name":"JeDecore","description":"Ma d\u00e9co 100% personnalis\u00e9e !","publisher":{"@id":"https:\/\/www.jedecore.fr\/blog\/#organization"},"potentialAction":[{"@type":"SearchAction","target":{"@type":"EntryPoint","urlTemplate":"https:\/\/www.jedecore.fr\/blog\/?s={search_term_string}"},"query-input":{"@type":"PropertyValueSpecification","valueRequired":true,"valueName":"search_term_string"}}],"inLanguage":"fr-FR"},{"@type":"Organization","@id":"https:\/\/www.jedecore.fr\/blog\/#organization","name":"JeDecore","url":"https:\/\/www.jedecore.fr\/blog\/","logo":{"@type":"ImageObject","inLanguage":"fr-FR","@id":"https:\/\/www.jedecore.fr\/blog\/#\/schema\/logo\/image\/","url":"https:\/\/www.jedecore.fr\/blog\/wp-content\/uploads\/2022\/03\/cropped-logo-je-decore.png","contentUrl":"https:\/\/www.jedecore.fr\/blog\/wp-content\/uploads\/2022\/03\/cropped-logo-je-decore.png","width":940,"height":500,"caption":"JeDecore"},"image":{"@id":"https:\/\/www.jedecore.fr\/blog\/#\/schema\/logo\/image\/"}},{"@type":"Person","@id":"https:\/\/www.jedecore.fr\/blog\/#\/schema\/person\/e631975d90cc4526d81550253a8e2d03","name":"Thomas","image":{"@type":"ImageObject","inLanguage":"fr-FR","@id":"https:\/\/secure.gravatar.com\/avatar\/a29acbd2174611e826f7d881823703b38d7670f74c32c8b99d13ba9b25f07eff?s=96&d=mm&r=g","url":"https:\/\/secure.gravatar.com\/avatar\/a29acbd2174611e826f7d881823703b38d7670f74c32c8b99d13ba9b25f07eff?s=96&d=mm&r=g","contentUrl":"https:\/\/secure.gravatar.com\/avatar\/a29acbd2174611e826f7d881823703b38d7670f74c32c8b99d13ba9b25f07eff?s=96&d=mm&r=g","caption":"Thomas"},"sameAs":["https:\/\/www.jedecore.fr\/blog"],"url":"https:\/\/www.jedecore.fr\/blog\/author\/admin_jd\/"}]}},"_links":{"self":[{"href":"https:\/\/www.jedecore.fr\/blog\/wp-json\/wp\/v2\/posts\/1143","targetHints":{"allow":["GET"]}}],"collection":[{"href":"https:\/\/www.jedecore.fr\/blog\/wp-json\/wp\/v2\/posts"}],"about":[{"href":"https:\/\/www.jedecore.fr\/blog\/wp-json\/wp\/v2\/types\/post"}],"author":[{"embeddable":true,"href":"https:\/\/www.jedecore.fr\/blog\/wp-json\/wp\/v2\/users\/1"}],"replies":[{"embeddable":true,"href":"https:\/\/www.jedecore.fr\/blog\/wp-json\/wp\/v2\/comments?post=1143"}],"version-history":[{"count":16,"href":"https:\/\/www.jedecore.fr\/blog\/wp-json\/wp\/v2\/posts\/1143\/revisions"}],"predecessor-version":[{"id":1166,"href":"https:\/\/www.jedecore.fr\/blog\/wp-json\/wp\/v2\/posts\/1143\/revisions\/1166"}],"wp:featuredmedia":[{"embeddable":true,"href":"https:\/\/www.jedecore.fr\/blog\/wp-json\/wp\/v2\/media\/1165"}],"wp:attachment":[{"href":"https:\/\/www.jedecore.fr\/blog\/wp-json\/wp\/v2\/media?parent=1143"}],"wp:term":[{"taxonomy":"category","embeddable":true,"href":"https:\/\/www.jedecore.fr\/blog\/wp-json\/wp\/v2\/categories?post=1143"},{"taxonomy":"post_tag","embeddable":true,"href":"https:\/\/www.jedecore.fr\/blog\/wp-json\/wp\/v2\/tags?post=1143"}],"curies":[{"name":"wp","href":"https:\/\/api.w.org\/{rel}","templated":true}]}}