{"id":1183,"date":"2026-08-31T09:00:00","date_gmt":"2026-08-31T07:00:00","guid":{"rendered":"https:\/\/www.jedecore.fr\/blog\/?p=1183"},"modified":"2026-08-26T13:54:08","modified_gmt":"2026-08-26T11:54:08","slug":"transformer-ses-photos-de-vacances-en-deco-murale","status":"publish","type":"post","link":"https:\/\/www.jedecore.fr\/blog\/transformer-ses-photos-de-vacances-en-deco-murale\/","title":{"rendered":"Transformer ses photos de vacances en d\u00e9co murale"},"content":{"rendered":"\n<style>\n.deco-murale { max-width: 760px; margin: 0 auto; line-height: 1.7; font-size: 1.15em; }\n.deco-murale h2 { font-size: 1.6em; margin: 1.8em 0 0.6em; line-height: 1.3; }\n.deco-murale h3 { font-size: 1.25em; margin: 1.4em 0 0.5em; line-height: 1.3; }\n.deco-murale p  { margin: 0 0 1.1em; }\n.deco-murale a  { text-decoration: underline; }\n\n\/* Encadr\u00e9 d'introduction *\/\n.deco-murale .intro-box {\n  background: #A8B79E;\n  color: #ffffff;\n  padding: 40px 45px;\n  border-radius: 14px;\n  margin: 0 0 2.2em;\n}\n.deco-murale .intro-box,\n.deco-murale .intro-box p,\n.deco-murale .intro-box strong,\n.deco-murale .intro-box a {\n  color: #ffffff;\n}\n.deco-murale .intro-box p { margin: 0 0 1.1em; }\n.deco-murale .intro-box p:last-child { margin-bottom: 0; }\n<\/style>\n\n<div class=\"deco-murale\">\n\n  <div class=\"intro-box\">\n    <p>Les vacances sont termin\u00e9es, les valises sont rang\u00e9es et le retour au quotidien est bel et bien l\u00e0\u2026 Mais une chose reste encore bien au chaud dans votre t\u00e9l\u00e9phone : des centaines de photos de vacances ! \ud83d\udcf8<\/p>\n\n    <p>Et si, plut\u00f4t que de laisser tous ces souvenirs dormir dans votre galerie, vous leur offriez une place de choix dans votre d\u00e9coration ?<\/p>\n\n    <p><strong>Transformer ses photos de vacances en d\u00e9co murale<\/strong>, c&rsquo;est une jolie fa\u00e7on de faire durer les vacances toute l&rsquo;ann\u00e9e. Alors, pourquoi se contenter de regarder ses souvenirs sur un petit \u00e9cran quand on peut les afficher en grand ?<\/p>\n  <\/div>\n\n  <h2>Vos photos m\u00e9ritent mieux que la galerie de votre t\u00e9l\u00e9phone<\/h2>\n\n  <p>Soyons honn\u00eates : combien de photos de vacances dorment actuellement dans votre t\u00e9l\u00e9phone ? Quelques dizaines ? Quelques centaines ? Et combien avez-vous r\u00e9ellement pris le temps de regarder depuis votre retour ? Entre les photos de paysages, les couchers de soleil, les petits moments et les selfies, votre galerie est probablement devenue un v\u00e9ritable album de vacances\u2026 version num\u00e9rique !<\/p>\n\n  <p>Pourtant, certains clich\u00e9s m\u00e9ritent largement mieux qu&rsquo;une place entre deux captures d&rsquo;\u00e9cran et une photo de ticket de caisse. <strong>Transformer ses photos de vacances en d\u00e9coration murale<\/strong> permet de faire revivre ces souvenirs au quotidien.<\/p>\n\n<\/div>\n\n\n<div class=\"wp-block-image\">\n<figure class=\"aligncenter size-full is-resized\"><img fetchpriority=\"high\" decoding=\"async\" width=\"1448\" height=\"1086\" src=\"https:\/\/www.jedecore.fr\/blog\/wp-content\/uploads\/2026\/08\/photos-de-vacances.png\" alt=\"Photos de vacances\" class=\"wp-image-1187\" style=\"width:677px;height:auto\"\/><\/figure>\n<\/div>\n\n\n<div class=\"deco-murale\">\n\n  <h2>Le poster m\u00e9tallique personnalis\u00e9 : vos souvenirs prennent de la hauteur<\/h2>\n\n  <p>Vous avez une photo de vacances dont vous \u00eates particuli\u00e8rement fier ? Celle que vous avez prise au coucher du soleil, apr\u00e8s trois essais et quelques r\u00e9glages\u2026 mais qui est finalement digne d&rsquo;un magazine ? \ud83d\ude09 C&rsquo;est peut-\u00eatre elle qui m\u00e9rite de prendre place sur votre mur !<\/p>\n\n  <p>Le <a href=\"https:\/\/www.jedecore.fr\/poster-metallique-personnalise\">poster m\u00e9tallique personnalis\u00e9<\/a> permet de transformer votre photo pr\u00e9f\u00e9r\u00e9e en v\u00e9ritable objet d\u00e9co. Moderne et original, il apporte une touche contemporaine \u00e0 votre int\u00e9rieur tout en mettant votre souvenir sous les projecteurs. \u00c0 vous de choisir l&rsquo;image qui m\u00e9rite son petit quart d&rsquo;heure de gloire.<\/p>\n\n  <h3>S, M, L ou XL : \u00e0 chacun son format !<\/h3>\n\n  <p>Nous proposons <strong>4 formats de posters m\u00e9talliques : S, M, L et XL<\/strong>. De quoi choisir la taille qui correspond le mieux \u00e0 votre photo, \u00e0 votre pi\u00e8ce et \u00e0 l&rsquo;effet recherch\u00e9.<\/p>\n\n  <p>Un petit format peut \u00eatre parfait pour cr\u00e9er une touche d\u00e9co discr\u00e8te ou composer un ensemble de plusieurs souvenirs. Un format M ou L permet de donner davantage de pr\u00e9sence \u00e0 votre photo, tandis que le format XL est id\u00e9al si vous souhaitez faire de votre clich\u00e9 une v\u00e9ritable pi\u00e8ce ma\u00eetresse.<\/p>\n\n  <p>Vous pouvez \u00e9galement renseigner <strong>un format sur mesure<\/strong>. Pratique pour s&rsquo;adapter parfaitement \u00e0 un espace, \u00e0 un meuble\u2026<\/p>\n\n  <p>En r\u00e9sum\u00e9, que votre photo soit petite mais pr\u00e9cieuse ou qu&rsquo;elle m\u00e9rite carr\u00e9ment les honneurs d&rsquo;un mur XXL, il existe un format pour lui donner toute la place qu&rsquo;elle m\u00e9rite.<\/p>\n\n  <h2>Et si votre photo devenait carr\u00e9ment votre mur ?<\/h2>\n\n  <p>Certaines photos m\u00e9ritent un peu plus qu&rsquo;un joli cadre. Un paysage spectaculaire, une plage, un coucher de soleil ou une vue qui vous a v\u00e9ritablement marqu\u00e9 pendant vos vacances\u2026 Pourquoi ne pas lui donner toute la place qu&rsquo;elle m\u00e9rite ?<\/p>\n\n  <p>C&rsquo;est justement tout l&rsquo;int\u00e9r\u00eat du <a href=\"https:\/\/www.jedecore.fr\/papier-peint-personnalise\">papier peint personnalis\u00e9<\/a> : transformer votre photo en d\u00e9cor mural. Votre photo est imprim\u00e9e en grand format pour habiller votre mur.<\/p>\n\n  <p>Le papier peint personnalis\u00e9 est int\u00e9ressant lorsque vous souhaitez cr\u00e9er un mur fort, celui qui attire le regard d\u00e8s que l&rsquo;on entre dans la pi\u00e8ce. Pour le reste de la d\u00e9coration, quelques couleurs et accessoires repris dans les teintes de la photo suffisent souvent \u00e0 cr\u00e9er une harmonie.<\/p>\n\n<\/div>\n\n\n<div class=\"wp-block-image\">\n<figure class=\"aligncenter size-full is-resized\"><img decoding=\"async\" width=\"1536\" height=\"1024\" src=\"https:\/\/www.jedecore.fr\/blog\/wp-content\/uploads\/2026\/08\/papier-peint-photo-de-vacances.png\" alt=\"Papier peint avec photo de vacances\" class=\"wp-image-1188\" style=\"aspect-ratio:1.500042154961639;width:674px;height:auto\"\/><\/figure>\n<\/div>\n\n\n<div class=\"deco-murale\">\n\n  <h2>Du t\u00e9l\u00e9phone au mur : faites vivre vos souvenirs<\/h2>\n\n  <p>Les vacances sont peut-\u00eatre termin\u00e9es, mais vos souvenirs, eux, ne demandent qu&rsquo;\u00e0 continuer le voyage ! Plut\u00f4t que de laisser vos plus belles photos dormir dans la galerie de votre t\u00e9l\u00e9phone, offrez-leur une place de choix dans votre d\u00e9coration.<\/p>\n\n  <p>Un poster m\u00e9tallique personnalis\u00e9 pour mettre en valeur votre photo coup de c\u0153ur, un papier peint personnalis\u00e9 pour transformer un paysage en d\u00e9cor\u2026 \u00c0 vous de choisir la fa\u00e7on dont vous souhaitez faire revivre vos souvenirs au quotidien.<\/p>\n\n  <p>Car au fond, la plus belle d\u00e9coration est souvent celle qui raconte une histoire. Une histoire qui vous appartient, qui vous fait sourire et qui vous transporte vers vos derni\u00e8res vacances.<\/p>\n\n  <p>Il ne vous reste plus qu&rsquo;\u00e0 choisir votre plus beau souvenir\u2026 et \u00e0 lui offrir le d\u00e9cor qu&rsquo;il m\u00e9rite ! \u2600\ufe0f<\/p>\n\n<\/div>\n","protected":false},"excerpt":{"rendered":"<p>Les vacances sont termin\u00e9es, les valises sont rang\u00e9es et le retour au quotidien est bel et bien l\u00e0\u2026 Mais une chose reste encore bien au chaud dans votre t\u00e9l\u00e9phone : des centaines de photos de vacances ! \ud83d\udcf8 Et si, plut\u00f4t que de laisser tous ces souvenirs dormir dans votre galerie, vous leur offriez une [&hellip;]<\/p>\n","protected":false},"author":1,"featured_media":1192,"comment_status":"open","ping_status":"open","sticky":false,"template":"","format":"standard","meta":{"_editorskit_title_hidden":false,"_editorskit_reading_time":0,"_editorskit_is_block_options_detached":false,"_editorskit_block_options_position":"{}","footnotes":""},"categories":[1],"tags":[],"class_list":["post-1183","post","type-post","status-publish","format-standard","has-post-thumbnail","hentry","category-decoration-interieure"],"yoast_head":"<!-- This site is optimized with the Yoast SEO plugin v28.4 - https:\/\/yoast.com\/product\/yoast-seo-wordpress\/ -->\r\n<title>Transformer ses photos de vacances en d\u00e9co murale - JeDecore<\/title>\r\n<meta name=\"description\" content=\"Transformez vos photos de vacances en d\u00e9co murale ! D\u00e9couvrez nos posters m\u00e9talliques personnalis\u00e9s et papiers peints.\" \/>\r\n<meta name=\"robots\" content=\"index, follow, max-snippet:-1, max-image-preview:large, max-video-preview:-1\" \/>\r\n<link rel=\"canonical\" href=\"https:\/\/www.jedecore.fr\/blog\/transformer-ses-photos-de-vacances-en-deco-murale\/\" \/>\r\n<meta property=\"og:locale\" content=\"fr_FR\" \/>\r\n<meta property=\"og:type\" content=\"article\" \/>\r\n<meta property=\"og:title\" content=\"Transformer ses photos de vacances en d\u00e9co murale - JeDecore\" \/>\r\n<meta property=\"og:description\" content=\"Transformez vos photos de vacances en d\u00e9co murale ! D\u00e9couvrez nos posters m\u00e9talliques personnalis\u00e9s et papiers peints.\" \/>\r\n<meta property=\"og:url\" content=\"https:\/\/www.jedecore.fr\/blog\/transformer-ses-photos-de-vacances-en-deco-murale\/\" \/>\r\n<meta property=\"og:site_name\" content=\"JeDecore\" \/>\r\n<meta property=\"article:published_time\" content=\"2026-08-31T07:00:00+00:00\" \/>\r\n<meta property=\"og:image\" content=\"https:\/\/www.jedecore.fr\/blog\/wp-content\/uploads\/2026\/08\/transformez-photos-de-vacances-en-deco.jpg\" \/>\r\n\t<meta property=\"og:image:width\" content=\"864\" \/>\r\n\t<meta property=\"og:image:height\" content=\"462\" \/>\r\n\t<meta property=\"og:image:type\" content=\"image\/jpeg\" \/>\r\n<meta name=\"author\" content=\"Thomas\" \/>\r\n<meta name=\"twitter:card\" content=\"summary_large_image\" \/>\r\n<meta name=\"twitter:label1\" content=\"\u00c9crit par\" \/>\n\t<meta name=\"twitter:data1\" content=\"Thomas\" \/>\n\t<meta name=\"twitter:label2\" content=\"Dur\u00e9e de lecture estim\u00e9e\" \/>\n\t<meta name=\"twitter:data2\" content=\"5 minutes\" \/>\r\n<script type=\"application\/ld+json\" class=\"yoast-schema-graph\">{\"@context\":\"https:\\\/\\\/schema.org\",\"@graph\":[{\"@type\":\"Article\",\"@id\":\"https:\\\/\\\/www.jedecore.fr\\\/blog\\\/transformer-ses-photos-de-vacances-en-deco-murale\\\/#article\",\"isPartOf\":{\"@id\":\"https:\\\/\\\/www.jedecore.fr\\\/blog\\\/transformer-ses-photos-de-vacances-en-deco-murale\\\/\"},\"author\":{\"name\":\"Thomas\",\"@id\":\"https:\\\/\\\/www.jedecore.fr\\\/blog\\\/#\\\/schema\\\/person\\\/e631975d90cc4526d81550253a8e2d03\"},\"headline\":\"Transformer ses photos de vacances en d\u00e9co murale\",\"datePublished\":\"2026-08-31T07:00:00+00:00\",\"mainEntityOfPage\":{\"@id\":\"https:\\\/\\\/www.jedecore.fr\\\/blog\\\/transformer-ses-photos-de-vacances-en-deco-murale\\\/\"},\"wordCount\":784,\"commentCount\":0,\"publisher\":{\"@id\":\"https:\\\/\\\/www.jedecore.fr\\\/blog\\\/#organization\"},\"image\":{\"@id\":\"https:\\\/\\\/www.jedecore.fr\\\/blog\\\/transformer-ses-photos-de-vacances-en-deco-murale\\\/#primaryimage\"},\"thumbnailUrl\":\"https:\\\/\\\/www.jedecore.fr\\\/blog\\\/wp-content\\\/uploads\\\/2026\\\/08\\\/transformez-photos-de-vacances-en-deco.jpg\",\"articleSection\":[\"D\u00e9coration int\u00e9rieure\"],\"inLanguage\":\"fr-FR\",\"potentialAction\":[{\"@type\":\"CommentAction\",\"name\":\"Comment\",\"target\":[\"https:\\\/\\\/www.jedecore.fr\\\/blog\\\/transformer-ses-photos-de-vacances-en-deco-murale\\\/#respond\"]}]},{\"@type\":\"WebPage\",\"@id\":\"https:\\\/\\\/www.jedecore.fr\\\/blog\\\/transformer-ses-photos-de-vacances-en-deco-murale\\\/\",\"url\":\"https:\\\/\\\/www.jedecore.fr\\\/blog\\\/transformer-ses-photos-de-vacances-en-deco-murale\\\/\",\"name\":\"Transformer ses photos de vacances en d\u00e9co murale - JeDecore\",\"isPartOf\":{\"@id\":\"https:\\\/\\\/www.jedecore.fr\\\/blog\\\/#website\"},\"primaryImageOfPage\":{\"@id\":\"https:\\\/\\\/www.jedecore.fr\\\/blog\\\/transformer-ses-photos-de-vacances-en-deco-murale\\\/#primaryimage\"},\"image\":{\"@id\":\"https:\\\/\\\/www.jedecore.fr\\\/blog\\\/transformer-ses-photos-de-vacances-en-deco-murale\\\/#primaryimage\"},\"thumbnailUrl\":\"https:\\\/\\\/www.jedecore.fr\\\/blog\\\/wp-content\\\/uploads\\\/2026\\\/08\\\/transformez-photos-de-vacances-en-deco.jpg\",\"datePublished\":\"2026-08-31T07:00:00+00:00\",\"description\":\"Transformez vos photos de vacances en d\u00e9co murale ! D\u00e9couvrez nos posters m\u00e9talliques personnalis\u00e9s et papiers peints.\",\"breadcrumb\":{\"@id\":\"https:\\\/\\\/www.jedecore.fr\\\/blog\\\/transformer-ses-photos-de-vacances-en-deco-murale\\\/#breadcrumb\"},\"inLanguage\":\"fr-FR\",\"potentialAction\":[{\"@type\":\"ReadAction\",\"target\":[\"https:\\\/\\\/www.jedecore.fr\\\/blog\\\/transformer-ses-photos-de-vacances-en-deco-murale\\\/\"]}]},{\"@type\":\"ImageObject\",\"inLanguage\":\"fr-FR\",\"@id\":\"https:\\\/\\\/www.jedecore.fr\\\/blog\\\/transformer-ses-photos-de-vacances-en-deco-murale\\\/#primaryimage\",\"url\":\"https:\\\/\\\/www.jedecore.fr\\\/blog\\\/wp-content\\\/uploads\\\/2026\\\/08\\\/transformez-photos-de-vacances-en-deco.jpg\",\"contentUrl\":\"https:\\\/\\\/www.jedecore.fr\\\/blog\\\/wp-content\\\/uploads\\\/2026\\\/08\\\/transformez-photos-de-vacances-en-deco.jpg\",\"width\":864,\"height\":462,\"caption\":\"Transformez vos photos de vacances en d\u00e9co\"},{\"@type\":\"BreadcrumbList\",\"@id\":\"https:\\\/\\\/www.jedecore.fr\\\/blog\\\/transformer-ses-photos-de-vacances-en-deco-murale\\\/#breadcrumb\",\"itemListElement\":[{\"@type\":\"ListItem\",\"position\":1,\"name\":\"Accueil\",\"item\":\"https:\\\/\\\/www.jedecore.fr\\\/blog\\\/\"},{\"@type\":\"ListItem\",\"position\":2,\"name\":\"Transformer ses photos de vacances en d\u00e9co murale\"}]},{\"@type\":\"WebSite\",\"@id\":\"https:\\\/\\\/www.jedecore.fr\\\/blog\\\/#website\",\"url\":\"https:\\\/\\\/www.jedecore.fr\\\/blog\\\/\",\"name\":\"JeDecore\",\"description\":\"Ma d\u00e9co 100% personnalis\u00e9e !\",\"publisher\":{\"@id\":\"https:\\\/\\\/www.jedecore.fr\\\/blog\\\/#organization\"},\"potentialAction\":[{\"@type\":\"SearchAction\",\"target\":{\"@type\":\"EntryPoint\",\"urlTemplate\":\"https:\\\/\\\/www.jedecore.fr\\\/blog\\\/?s={search_term_string}\"},\"query-input\":{\"@type\":\"PropertyValueSpecification\",\"valueRequired\":true,\"valueName\":\"search_term_string\"}}],\"inLanguage\":\"fr-FR\"},{\"@type\":\"Organization\",\"@id\":\"https:\\\/\\\/www.jedecore.fr\\\/blog\\\/#organization\",\"name\":\"JeDecore\",\"url\":\"https:\\\/\\\/www.jedecore.fr\\\/blog\\\/\",\"logo\":{\"@type\":\"ImageObject\",\"inLanguage\":\"fr-FR\",\"@id\":\"https:\\\/\\\/www.jedecore.fr\\\/blog\\\/#\\\/schema\\\/logo\\\/image\\\/\",\"url\":\"https:\\\/\\\/www.jedecore.fr\\\/blog\\\/wp-content\\\/uploads\\\/2022\\\/03\\\/cropped-logo-je-decore.png\",\"contentUrl\":\"https:\\\/\\\/www.jedecore.fr\\\/blog\\\/wp-content\\\/uploads\\\/2022\\\/03\\\/cropped-logo-je-decore.png\",\"width\":940,\"height\":500,\"caption\":\"JeDecore\"},\"image\":{\"@id\":\"https:\\\/\\\/www.jedecore.fr\\\/blog\\\/#\\\/schema\\\/logo\\\/image\\\/\"}},{\"@type\":\"Person\",\"@id\":\"https:\\\/\\\/www.jedecore.fr\\\/blog\\\/#\\\/schema\\\/person\\\/e631975d90cc4526d81550253a8e2d03\",\"name\":\"Thomas\",\"image\":{\"@type\":\"ImageObject\",\"inLanguage\":\"fr-FR\",\"@id\":\"https:\\\/\\\/secure.gravatar.com\\\/avatar\\\/a29acbd2174611e826f7d881823703b38d7670f74c32c8b99d13ba9b25f07eff?s=96&d=mm&r=g\",\"url\":\"https:\\\/\\\/secure.gravatar.com\\\/avatar\\\/a29acbd2174611e826f7d881823703b38d7670f74c32c8b99d13ba9b25f07eff?s=96&d=mm&r=g\",\"contentUrl\":\"https:\\\/\\\/secure.gravatar.com\\\/avatar\\\/a29acbd2174611e826f7d881823703b38d7670f74c32c8b99d13ba9b25f07eff?s=96&d=mm&r=g\",\"caption\":\"Thomas\"},\"sameAs\":[\"https:\\\/\\\/www.jedecore.fr\\\/blog\"],\"url\":\"https:\\\/\\\/www.jedecore.fr\\\/blog\\\/author\\\/admin_jd\\\/\"}]}<\/script>\r\n<!-- \/ Yoast SEO plugin. -->","yoast_head_json":{"title":"Transformer ses photos de vacances en d\u00e9co murale - JeDecore","description":"Transformez vos photos de vacances en d\u00e9co murale ! D\u00e9couvrez nos posters m\u00e9talliques personnalis\u00e9s et papiers peints.","robots":{"index":"index","follow":"follow","max-snippet":"max-snippet:-1","max-image-preview":"max-image-preview:large","max-video-preview":"max-video-preview:-1"},"canonical":"https:\/\/www.jedecore.fr\/blog\/transformer-ses-photos-de-vacances-en-deco-murale\/","og_locale":"fr_FR","og_type":"article","og_title":"Transformer ses photos de vacances en d\u00e9co murale - JeDecore","og_description":"Transformez vos photos de vacances en d\u00e9co murale ! D\u00e9couvrez nos posters m\u00e9talliques personnalis\u00e9s et papiers peints.","og_url":"https:\/\/www.jedecore.fr\/blog\/transformer-ses-photos-de-vacances-en-deco-murale\/","og_site_name":"JeDecore","article_published_time":"2026-08-31T07:00:00+00:00","og_image":[{"width":864,"height":462,"url":"https:\/\/www.jedecore.fr\/blog\/wp-content\/uploads\/2026\/08\/transformez-photos-de-vacances-en-deco.jpg","type":"image\/jpeg"}],"author":"Thomas","twitter_card":"summary_large_image","twitter_misc":{"\u00c9crit par":"Thomas","Dur\u00e9e de lecture estim\u00e9e":"5 minutes"},"schema":{"@context":"https:\/\/schema.org","@graph":[{"@type":"Article","@id":"https:\/\/www.jedecore.fr\/blog\/transformer-ses-photos-de-vacances-en-deco-murale\/#article","isPartOf":{"@id":"https:\/\/www.jedecore.fr\/blog\/transformer-ses-photos-de-vacances-en-deco-murale\/"},"author":{"name":"Thomas","@id":"https:\/\/www.jedecore.fr\/blog\/#\/schema\/person\/e631975d90cc4526d81550253a8e2d03"},"headline":"Transformer ses photos de vacances en d\u00e9co murale","datePublished":"2026-08-31T07:00:00+00:00","mainEntityOfPage":{"@id":"https:\/\/www.jedecore.fr\/blog\/transformer-ses-photos-de-vacances-en-deco-murale\/"},"wordCount":784,"commentCount":0,"publisher":{"@id":"https:\/\/www.jedecore.fr\/blog\/#organization"},"image":{"@id":"https:\/\/www.jedecore.fr\/blog\/transformer-ses-photos-de-vacances-en-deco-murale\/#primaryimage"},"thumbnailUrl":"https:\/\/www.jedecore.fr\/blog\/wp-content\/uploads\/2026\/08\/transformez-photos-de-vacances-en-deco.jpg","articleSection":["D\u00e9coration int\u00e9rieure"],"inLanguage":"fr-FR","potentialAction":[{"@type":"CommentAction","name":"Comment","target":["https:\/\/www.jedecore.fr\/blog\/transformer-ses-photos-de-vacances-en-deco-murale\/#respond"]}]},{"@type":"WebPage","@id":"https:\/\/www.jedecore.fr\/blog\/transformer-ses-photos-de-vacances-en-deco-murale\/","url":"https:\/\/www.jedecore.fr\/blog\/transformer-ses-photos-de-vacances-en-deco-murale\/","name":"Transformer ses photos de vacances en d\u00e9co murale - JeDecore","isPartOf":{"@id":"https:\/\/www.jedecore.fr\/blog\/#website"},"primaryImageOfPage":{"@id":"https:\/\/www.jedecore.fr\/blog\/transformer-ses-photos-de-vacances-en-deco-murale\/#primaryimage"},"image":{"@id":"https:\/\/www.jedecore.fr\/blog\/transformer-ses-photos-de-vacances-en-deco-murale\/#primaryimage"},"thumbnailUrl":"https:\/\/www.jedecore.fr\/blog\/wp-content\/uploads\/2026\/08\/transformez-photos-de-vacances-en-deco.jpg","datePublished":"2026-08-31T07:00:00+00:00","description":"Transformez vos photos de vacances en d\u00e9co murale ! D\u00e9couvrez nos posters m\u00e9talliques personnalis\u00e9s et papiers peints.","breadcrumb":{"@id":"https:\/\/www.jedecore.fr\/blog\/transformer-ses-photos-de-vacances-en-deco-murale\/#breadcrumb"},"inLanguage":"fr-FR","potentialAction":[{"@type":"ReadAction","target":["https:\/\/www.jedecore.fr\/blog\/transformer-ses-photos-de-vacances-en-deco-murale\/"]}]},{"@type":"ImageObject","inLanguage":"fr-FR","@id":"https:\/\/www.jedecore.fr\/blog\/transformer-ses-photos-de-vacances-en-deco-murale\/#primaryimage","url":"https:\/\/www.jedecore.fr\/blog\/wp-content\/uploads\/2026\/08\/transformez-photos-de-vacances-en-deco.jpg","contentUrl":"https:\/\/www.jedecore.fr\/blog\/wp-content\/uploads\/2026\/08\/transformez-photos-de-vacances-en-deco.jpg","width":864,"height":462,"caption":"Transformez vos photos de vacances en d\u00e9co"},{"@type":"BreadcrumbList","@id":"https:\/\/www.jedecore.fr\/blog\/transformer-ses-photos-de-vacances-en-deco-murale\/#breadcrumb","itemListElement":[{"@type":"ListItem","position":1,"name":"Accueil","item":"https:\/\/www.jedecore.fr\/blog\/"},{"@type":"ListItem","position":2,"name":"Transformer ses photos de vacances en d\u00e9co murale"}]},{"@type":"WebSite","@id":"https:\/\/www.jedecore.fr\/blog\/#website","url":"https:\/\/www.jedecore.fr\/blog\/","name":"JeDecore","description":"Ma d\u00e9co 100% personnalis\u00e9e !","publisher":{"@id":"https:\/\/www.jedecore.fr\/blog\/#organization"},"potentialAction":[{"@type":"SearchAction","target":{"@type":"EntryPoint","urlTemplate":"https:\/\/www.jedecore.fr\/blog\/?s={search_term_string}"},"query-input":{"@type":"PropertyValueSpecification","valueRequired":true,"valueName":"search_term_string"}}],"inLanguage":"fr-FR"},{"@type":"Organization","@id":"https:\/\/www.jedecore.fr\/blog\/#organization","name":"JeDecore","url":"https:\/\/www.jedecore.fr\/blog\/","logo":{"@type":"ImageObject","inLanguage":"fr-FR","@id":"https:\/\/www.jedecore.fr\/blog\/#\/schema\/logo\/image\/","url":"https:\/\/www.jedecore.fr\/blog\/wp-content\/uploads\/2022\/03\/cropped-logo-je-decore.png","contentUrl":"https:\/\/www.jedecore.fr\/blog\/wp-content\/uploads\/2022\/03\/cropped-logo-je-decore.png","width":940,"height":500,"caption":"JeDecore"},"image":{"@id":"https:\/\/www.jedecore.fr\/blog\/#\/schema\/logo\/image\/"}},{"@type":"Person","@id":"https:\/\/www.jedecore.fr\/blog\/#\/schema\/person\/e631975d90cc4526d81550253a8e2d03","name":"Thomas","image":{"@type":"ImageObject","inLanguage":"fr-FR","@id":"https:\/\/secure.gravatar.com\/avatar\/a29acbd2174611e826f7d881823703b38d7670f74c32c8b99d13ba9b25f07eff?s=96&d=mm&r=g","url":"https:\/\/secure.gravatar.com\/avatar\/a29acbd2174611e826f7d881823703b38d7670f74c32c8b99d13ba9b25f07eff?s=96&d=mm&r=g","contentUrl":"https:\/\/secure.gravatar.com\/avatar\/a29acbd2174611e826f7d881823703b38d7670f74c32c8b99d13ba9b25f07eff?s=96&d=mm&r=g","caption":"Thomas"},"sameAs":["https:\/\/www.jedecore.fr\/blog"],"url":"https:\/\/www.jedecore.fr\/blog\/author\/admin_jd\/"}]}},"_links":{"self":[{"href":"https:\/\/www.jedecore.fr\/blog\/wp-json\/wp\/v2\/posts\/1183","targetHints":{"allow":["GET"]}}],"collection":[{"href":"https:\/\/www.jedecore.fr\/blog\/wp-json\/wp\/v2\/posts"}],"about":[{"href":"https:\/\/www.jedecore.fr\/blog\/wp-json\/wp\/v2\/types\/post"}],"author":[{"embeddable":true,"href":"https:\/\/www.jedecore.fr\/blog\/wp-json\/wp\/v2\/users\/1"}],"replies":[{"embeddable":true,"href":"https:\/\/www.jedecore.fr\/blog\/wp-json\/wp\/v2\/comments?post=1183"}],"version-history":[{"count":6,"href":"https:\/\/www.jedecore.fr\/blog\/wp-json\/wp\/v2\/posts\/1183\/revisions"}],"predecessor-version":[{"id":1191,"href":"https:\/\/www.jedecore.fr\/blog\/wp-json\/wp\/v2\/posts\/1183\/revisions\/1191"}],"wp:featuredmedia":[{"embeddable":true,"href":"https:\/\/www.jedecore.fr\/blog\/wp-json\/wp\/v2\/media\/1192"}],"wp:attachment":[{"href":"https:\/\/www.jedecore.fr\/blog\/wp-json\/wp\/v2\/media?parent=1183"}],"wp:term":[{"taxonomy":"category","embeddable":true,"href":"https:\/\/www.jedecore.fr\/blog\/wp-json\/wp\/v2\/categories?post=1183"},{"taxonomy":"post_tag","embeddable":true,"href":"https:\/\/www.jedecore.fr\/blog\/wp-json\/wp\/v2\/tags?post=1183"}],"curies":[{"name":"wp","href":"https:\/\/api.w.org\/{rel}","templated":true}]}}