{"id":912,"date":"2025-03-12T15:11:39","date_gmt":"2025-03-12T14:11:39","guid":{"rendered":"https:\/\/www.jedecore.fr\/blog\/?p=912"},"modified":"2025-03-12T15:11:41","modified_gmt":"2025-03-12T14:11:41","slug":"les-tendances-deco-murale-2025-couleurs-motifs-et-styles-a-adopter","status":"publish","type":"post","link":"https:\/\/www.jedecore.fr\/blog\/les-tendances-deco-murale-2025-couleurs-motifs-et-styles-a-adopter\/","title":{"rendered":"Les tendances d\u00e9co murale 2025 : couleurs, motifs et styles \u00e0 adopter"},"content":{"rendered":"\n<p style=\"font-size:19px\">L\u2019ann\u00e9e 2025 apporte son lot d&rsquo;innovations et de styles audacieux en mati\u00e8re de d\u00e9coration murale. Que vous souhaitiez rafra\u00eechir votre int\u00e9rieur ou suivre les derni\u00e8res tendances, cet article vous guidera \u00e0 travers les couleurs, motifs et styles incontournables pour sublimer vos murs.<\/p>\n\n\n\n<div style=\"height:20px\" aria-hidden=\"true\" class=\"wp-block-spacer\"><\/div>\n\n\n\n<h2 class=\"wp-block-heading has-larger-font-size\"><strong>1. Les couleurs phares de 2025<\/strong><\/h2>\n\n\n\n<p style=\"font-size:19px\">Les palettes de couleurs pour 2025 oscillent entre douceur et caract\u00e8re affirm\u00e9. Voici les teintes incontournables :<\/p>\n\n\n\n<p style=\"font-size:19px\"><strong>Le vert sauge et le vert mousse<\/strong> : inspir\u00e9s de la nature, ces tons apportent une ambiance apaisante et sophistiqu\u00e9e.<\/p>\n\n\n\n<div style=\"height:10px\" aria-hidden=\"true\" class=\"wp-block-spacer\"><\/div>\n\n\n<div class=\"wp-block-image\">\n<figure class=\"alignleft size-full is-resized\"><img fetchpriority=\"high\" decoding=\"async\" width=\"1080\" height=\"1080\" src=\"https:\/\/www.jedecore.fr\/blog\/wp-content\/uploads\/2025\/02\/1.png\" alt=\"\" class=\"wp-image-913\" style=\"width:400px\"\/><\/figure>\n<\/div>\n\n<div class=\"wp-block-image\">\n<figure class=\"alignright size-full is-resized\"><img decoding=\"async\" width=\"1080\" height=\"1080\" src=\"https:\/\/www.jedecore.fr\/blog\/wp-content\/uploads\/2025\/02\/2.png\" alt=\"\" class=\"wp-image-914\" style=\"width:400px\"\/><\/figure>\n<\/div>\n\n\n<p><\/p>\n\n\n\n<div style=\"height:10px\" aria-hidden=\"true\" class=\"wp-block-spacer\"><\/div>\n\n\n\n<p style=\"font-size:19px\"><strong>Les tons terreux (terracotta, ocre, brun chaud)<\/strong> : parfaits pour cr\u00e9er une atmosph\u00e8re chaleureuse et authentique.<\/p>\n\n\n\n<div style=\"height:10px\" aria-hidden=\"true\" class=\"wp-block-spacer\"><\/div>\n\n\n<div class=\"wp-block-image\">\n<figure class=\"alignright size-full is-resized\"><img decoding=\"async\" width=\"1080\" height=\"1080\" src=\"https:\/\/www.jedecore.fr\/blog\/wp-content\/uploads\/2025\/02\/3.png\" alt=\"\" class=\"wp-image-915\" style=\"width:400px;height:auto\"\/><\/figure>\n<\/div>\n\n\n<figure class=\"wp-block-image size-full is-resized\"><img loading=\"lazy\" decoding=\"async\" width=\"1080\" height=\"1080\" src=\"https:\/\/www.jedecore.fr\/blog\/wp-content\/uploads\/2025\/02\/4.png\" alt=\"\" class=\"wp-image-916\" style=\"width:400px\"\/><\/figure>\n\n\n\n<div style=\"height:10px\" aria-hidden=\"true\" class=\"wp-block-spacer\"><\/div>\n\n\n\n<p style=\"font-size:19px\"><strong>Le bleu profond et le bleu ardoise<\/strong> : des nuances \u00e9l\u00e9gantes qui renforcent la profondeur et la s\u00e9r\u00e9nit\u00e9 de l\u2019int\u00e9rieur.<\/p>\n\n\n\n<div style=\"height:10px\" aria-hidden=\"true\" class=\"wp-block-spacer\"><\/div>\n\n\n<div class=\"wp-block-image\">\n<figure class=\"alignleft is-resized\"><img decoding=\"async\" src=\"https:\/\/lh7-rt.googleusercontent.com\/docsz\/AD_4nXedaJz4yBpqfQomj_vtzbVT0f_bvPPXCJvvXg8LO4NcmjpBCX_Zw8DQwKxhDay3fEAUDnJS63P0amTNFIg2mf1Hxo5jcIsxdxXb6V3s23duAFCagmqErjPka0seZI1cmq5hOvLtDg?key=AolthatFxknw2BQUr_WrMopN\" alt=\"\" style=\"width:400px\"\/><\/figure>\n<\/div>\n\n<div class=\"wp-block-image\">\n<figure class=\"alignright is-resized\"><img decoding=\"async\" src=\"https:\/\/lh7-rt.googleusercontent.com\/docsz\/AD_4nXedQl1PeVucArYcBtwUQcf89XJnE5ll7aUMF3m8hQPBl6Y0Zxco0z0KsjLGm8JiPYfx2uTu4Igs5-CXOs3BjBic7QpMD7QtbnNLYIainRW6e2wFRTEbfcH143enOdspyxnNmWwf?key=AolthatFxknw2BQUr_WrMopN\" alt=\"\" style=\"width:400px\"\/><\/figure>\n<\/div>\n\n\n<div style=\"height:10px\" aria-hidden=\"true\" class=\"wp-block-spacer\"><\/div>\n\n\n\n<p style=\"font-size:19px\"><strong>Les pastels modernes (rose poudr\u00e9, lilas, jaune doux)<\/strong> : id\u00e9aux pour une touche de fra\u00eecheur et de luminosit\u00e9.<\/p>\n\n\n\n<div style=\"height:10px\" aria-hidden=\"true\" class=\"wp-block-spacer\"><\/div>\n\n\n<div class=\"wp-block-image\">\n<figure class=\"alignright size-full is-resized\"><img loading=\"lazy\" decoding=\"async\" width=\"1080\" height=\"1080\" src=\"https:\/\/www.jedecore.fr\/blog\/wp-content\/uploads\/2025\/02\/8-1.png\" alt=\"\" class=\"wp-image-919\" style=\"width:400px\"\/><\/figure>\n<\/div>\n\n<div class=\"wp-block-image\">\n<figure class=\"alignleft size-full is-resized\"><img loading=\"lazy\" decoding=\"async\" width=\"1080\" height=\"1080\" src=\"https:\/\/www.jedecore.fr\/blog\/wp-content\/uploads\/2025\/02\/7.png\" alt=\"\" class=\"wp-image-918\" style=\"width:400px\"\/><\/figure>\n<\/div>\n\n\n<div style=\"height:20px\" aria-hidden=\"true\" class=\"wp-block-spacer\"><\/div>\n\n\n\n<h2 class=\"wp-block-heading has-larger-font-size\"><strong>2. Les motifs tendances pour 2025<\/strong><\/h2>\n\n\n\n<p style=\"font-size:19px\">Le papier peint et les fresques murales sont au c\u0153ur des tendances d\u00e9co. Voici les motifs \u00e0 adopter :<\/p>\n\n\n\n<ul class=\"wp-block-list\">\n<li style=\"font-size:19px\"><strong>Les motifs organiques et naturels<\/strong> : feuillages, fleurs oversize et inspirations botaniques pour une connexion avec l\u2019ext\u00e9rieur.<\/li>\n\n\n\n<li style=\"font-size:19px\"><strong>Les formes abstraites et graphiques<\/strong> : jeux de courbes, lignes minimalistes et compositions asym\u00e9triques pour une touche contemporaine.<\/li>\n\n\n\n<li style=\"font-size:19px\"><strong>Les imprim\u00e9s art d\u00e9co et g\u00e9om\u00e9triques<\/strong> : parfaits pour un style r\u00e9tro-chic et une sophistication intemporelle.<\/li>\n\n\n\n<li style=\"font-size:19px\"><strong>Les panoramiques immersifs<\/strong> : paysages naturels, fresques artistiques ou trompe-l\u2019\u0153il pour une d\u00e9co spectaculaire et unique.<\/li>\n<\/ul>\n\n\n\n<div style=\"height:20px\" aria-hidden=\"true\" class=\"wp-block-spacer\"><\/div>\n\n\n\n<h2 class=\"wp-block-heading has-larger-font-size\"><strong>3. Les styles d\u00e9co murale \u00e0 adopter<\/strong><\/h2>\n\n\n\n<h3 class=\"wp-block-heading\"><strong>a) Le style Japandi<\/strong><\/h3>\n\n\n\n<p style=\"font-size:19px\">M\u00e9lange entre le minimalisme japonais et le style scandinave, le Japandi mise sur des couleurs neutres, des mat\u00e9riaux naturels et des motifs \u00e9pur\u00e9s.<\/p>\n\n\n\n<div style=\"height:10px\" aria-hidden=\"true\" class=\"wp-block-spacer\"><\/div>\n\n\n<div class=\"wp-block-image\">\n<figure class=\"aligncenter is-resized\"><img decoding=\"async\" src=\"https:\/\/lh7-rt.googleusercontent.com\/docsz\/AD_4nXeoAVum89kJdN1DC8nwgvqizbT50ADszVqkEiE6zFgy_2HGCviYfSv0ZnfWtj7vqWaKV4pV6cv6QmHRJfafH7ixeKV41zFBMtnkBDbA_ODCkgBCeFezWwLqQyRuGHAQ6xawxEEz_Q?key=AolthatFxknw2BQUr_WrMopN\" alt=\"\" style=\"width:400px\"\/><\/figure>\n<\/div>\n\n\n<div style=\"height:20px\" aria-hidden=\"true\" class=\"wp-block-spacer\"><\/div>\n\n\n\n<h3 class=\"wp-block-heading\"><strong>b) Le maximalisme<\/strong><\/h3>\n\n\n\n<p style=\"font-size:19px\">Loin du minimalisme, le maximalisme ose l&rsquo;accumulation de couleurs et de motifs audacieux pour un effet artistique et assum\u00e9.<\/p>\n\n\n\n<div style=\"height:10px\" aria-hidden=\"true\" class=\"wp-block-spacer\"><\/div>\n\n\n<div class=\"wp-block-image\">\n<figure class=\"aligncenter size-full is-resized\"><img loading=\"lazy\" decoding=\"async\" width=\"630\" height=\"432\" src=\"https:\/\/www.jedecore.fr\/blog\/wp-content\/uploads\/2025\/02\/65b7cb9edc95a9189ddf3308_7a744b164de501408250aa218e063d23.png\" alt=\"\" class=\"wp-image-920\" style=\"width:400px\"\/><\/figure>\n<\/div>\n\n\n<div style=\"height:20px\" aria-hidden=\"true\" class=\"wp-block-spacer\"><\/div>\n\n\n\n<h3 class=\"wp-block-heading\"><strong>c) Le style industriel revisit\u00e9<\/strong><\/h3>\n\n\n\n<p style=\"font-size:19px\">Toujours tr\u00e8s populaire, le style industriel se modernise avec des effets b\u00e9ton, des murs en briques apparentes et des nuances plus douces.<\/p>\n\n\n\n<div style=\"height:10px\" aria-hidden=\"true\" class=\"wp-block-spacer\"><\/div>\n\n\n<div class=\"wp-block-image\">\n<figure class=\"aligncenter is-resized\"><img decoding=\"async\" src=\"https:\/\/lh7-rt.googleusercontent.com\/docsz\/AD_4nXdoBV9m-wUKY1CdCbM7-9muUM6wyAuarenwBw_mfX_X6irCNUnbPeeQ2DbkL9D5hKV3H0VR5O3Ol7-hUhxg3Em72_vkHrVp0rBSPO9Nejxl08uNJ2423-bGYUL1SnSiOWPnkx6iLQ?key=AolthatFxknw2BQUr_WrMopN\" alt=\"\" style=\"width:400px\"\/><\/figure>\n<\/div>\n\n\n<div style=\"height:20px\" aria-hidden=\"true\" class=\"wp-block-spacer\"><\/div>\n\n\n\n<h3 class=\"wp-block-heading\"><strong>d) Le retour du vintage<\/strong><\/h3>\n\n\n\n<p style=\"font-size:19px\">L&rsquo;inspiration r\u00e9tro revient en force avec des tons moutarde, des papiers peints \u00e0 motifs seventies et des textures velout\u00e9es.<\/p>\n\n\n\n<div style=\"height:10px\" aria-hidden=\"true\" class=\"wp-block-spacer\"><\/div>\n\n\n<div class=\"wp-block-image\">\n<figure class=\"aligncenter is-resized\"><img decoding=\"async\" src=\"https:\/\/lh7-rt.googleusercontent.com\/docsz\/AD_4nXe4fM0SaJdPjK9ipi-M8PC7bAEMOp8wZy8hrs2OjlwCCD1TtlceJiIhx4PDImk645dmc9XFx0UF43HXSFl9db7OOxQxovVyoZEayvRf7J-VICV7uQWcXuf2F3Pb9kHX39bnOHCi0A?key=AolthatFxknw2BQUr_WrMopN\" alt=\"\" style=\"width:400px\"\/><\/figure>\n<\/div>\n\n\n<div style=\"height:20px\" aria-hidden=\"true\" class=\"wp-block-spacer\"><\/div>\n\n\n\n<h2 class=\"wp-block-heading has-larger-font-size\"><strong>4. Comment adopter ces tendances chez vous ?<\/strong><\/h2>\n\n\n\n<ul class=\"wp-block-list\">\n<li style=\"font-size:19px\"><strong>Misez sur des papiers peints panoramiques personnalisables<\/strong> pour un effet immersif unique.<\/li>\n\n\n\n<li style=\"font-size:19px\"><strong>Osez le mur d&rsquo;accent<\/strong> avec une couleur forte ou un motif marquant pour structurer l&rsquo;espace.<\/li>\n\n\n\n<li style=\"font-size:19px\"><strong>Associez mati\u00e8res et textures<\/strong> (bois, textiles, effets mati\u00e8res) pour une d\u00e9coration riche et chaleureuse.<\/li>\n\n\n\n<li style=\"font-size:19px\"><strong>Personnalisez votre d\u00e9co<\/strong> en choisissant des papiers peints sur mesure adapt\u00e9s \u00e0 votre int\u00e9rieur.<\/li>\n<\/ul>\n\n\n\n<div style=\"height:20px\" aria-hidden=\"true\" class=\"wp-block-spacer\"><\/div>\n\n\n\n<h2 class=\"wp-block-heading has-larger-font-size\"><strong>Conclusion<\/strong><\/h2>\n\n\n\n<p style=\"font-size:19px\">En 2025, la d\u00e9coration murale joue sur les contrastes entre douceur et caract\u00e8re affirm\u00e9, nature et modernit\u00e9. Les couleurs tendances, les motifs audacieux et les styles marquants permettent d\u2019adapter son int\u00e9rieur \u00e0 ses go\u00fbts tout en restant dans l&rsquo;air du temps. <strong>Besoin d&rsquo;une d\u00e9co murale unique ? D\u00e9couvrez notre collection de papiers peints personnalisables sur<\/strong><a href=\"https:\/\/www.jedecore.fr\"><strong> <\/strong><strong>JeD\u00e9core.fr<\/strong><\/a><strong> et donnez vie \u00e0 vos murs !<\/strong><\/p>\n","protected":false},"excerpt":{"rendered":"<p>L\u2019ann\u00e9e 2025 apporte son lot d&rsquo;innovations et de styles audacieux en mati\u00e8re de d\u00e9coration murale. Que vous souhaitiez rafra\u00eechir votre int\u00e9rieur ou suivre les derni\u00e8res tendances, cet article vous guidera \u00e0 travers les couleurs, motifs et styles incontournables pour sublimer vos murs. 1. Les couleurs phares de 2025 Les palettes de couleurs pour 2025 oscillent [&hellip;]<\/p>\n","protected":false},"author":1,"featured_media":922,"comment_status":"open","ping_status":"open","sticky":false,"template":"","format":"standard","meta":{"_editorskit_title_hidden":false,"_editorskit_reading_time":0,"_editorskit_is_block_options_detached":false,"_editorskit_block_options_position":"{}","footnotes":""},"categories":[1],"tags":[],"class_list":["post-912","post","type-post","status-publish","format-standard","has-post-thumbnail","hentry","category-decoration-interieure"],"yoast_head":"<!-- This site is optimized with the Yoast SEO plugin v27.4 - https:\/\/yoast.com\/product\/yoast-seo-wordpress\/ -->\r\n<title>Les tendances d\u00e9co murale 2025 : couleurs, motifs et styles \u00e0 adopter - JeDecore<\/title>\r\n<meta name=\"description\" content=\"D\u00e9couvrez les tendances d\u00e9co murale : couleurs, motifs et styles incontournables pour sublimer votre int\u00e9rieur avec \u00e9l\u00e9gance et modernit\u00e9.\" \/>\r\n<meta name=\"robots\" content=\"index, follow, max-snippet:-1, max-image-preview:large, max-video-preview:-1\" \/>\r\n<link rel=\"canonical\" href=\"https:\/\/www.jedecore.fr\/blog\/les-tendances-deco-murale-2025-couleurs-motifs-et-styles-a-adopter\/\" \/>\r\n<meta property=\"og:locale\" content=\"fr_FR\" \/>\r\n<meta property=\"og:type\" content=\"article\" \/>\r\n<meta property=\"og:title\" content=\"Les tendances d\u00e9co murale 2025 : couleurs, motifs et styles \u00e0 adopter - JeDecore\" \/>\r\n<meta property=\"og:description\" content=\"D\u00e9couvrez les tendances d\u00e9co murale : couleurs, motifs et styles incontournables pour sublimer votre int\u00e9rieur avec \u00e9l\u00e9gance et modernit\u00e9.\" \/>\r\n<meta property=\"og:url\" content=\"https:\/\/www.jedecore.fr\/blog\/les-tendances-deco-murale-2025-couleurs-motifs-et-styles-a-adopter\/\" \/>\r\n<meta property=\"og:site_name\" content=\"JeDecore\" \/>\r\n<meta property=\"article:published_time\" content=\"2025-03-12T14:11:39+00:00\" \/>\r\n<meta property=\"article:modified_time\" content=\"2025-03-12T14:11:41+00:00\" \/>\r\n<meta property=\"og:image\" content=\"https:\/\/www.jedecore.fr\/blog\/wp-content\/uploads\/2025\/02\/Design-sans-titre-2025-02-24T151458.438.png\" \/>\r\n\t<meta property=\"og:image:width\" content=\"640\" \/>\r\n\t<meta property=\"og:image:height\" content=\"320\" \/>\r\n\t<meta property=\"og:image:type\" content=\"image\/png\" \/>\r\n<meta name=\"author\" content=\"Thomas\" \/>\r\n<meta name=\"twitter:card\" content=\"summary_large_image\" \/>\r\n<meta name=\"twitter:label1\" content=\"\u00c9crit par\" \/>\n\t<meta name=\"twitter:data1\" content=\"Thomas\" \/>\n\t<meta name=\"twitter:label2\" content=\"Dur\u00e9e de lecture estim\u00e9e\" \/>\n\t<meta name=\"twitter:data2\" content=\"5 minutes\" \/>\r\n<script type=\"application\/ld+json\" class=\"yoast-schema-graph\">{\"@context\":\"https:\\\/\\\/schema.org\",\"@graph\":[{\"@type\":\"Article\",\"@id\":\"https:\\\/\\\/www.jedecore.fr\\\/blog\\\/les-tendances-deco-murale-2025-couleurs-motifs-et-styles-a-adopter\\\/#article\",\"isPartOf\":{\"@id\":\"https:\\\/\\\/www.jedecore.fr\\\/blog\\\/les-tendances-deco-murale-2025-couleurs-motifs-et-styles-a-adopter\\\/\"},\"author\":{\"name\":\"Thomas\",\"@id\":\"https:\\\/\\\/www.jedecore.fr\\\/blog\\\/#\\\/schema\\\/person\\\/e631975d90cc4526d81550253a8e2d03\"},\"headline\":\"Les tendances d\u00e9co murale 2025 : couleurs, motifs et styles \u00e0 adopter\",\"datePublished\":\"2025-03-12T14:11:39+00:00\",\"dateModified\":\"2025-03-12T14:11:41+00:00\",\"mainEntityOfPage\":{\"@id\":\"https:\\\/\\\/www.jedecore.fr\\\/blog\\\/les-tendances-deco-murale-2025-couleurs-motifs-et-styles-a-adopter\\\/\"},\"wordCount\":507,\"commentCount\":0,\"publisher\":{\"@id\":\"https:\\\/\\\/www.jedecore.fr\\\/blog\\\/#organization\"},\"image\":{\"@id\":\"https:\\\/\\\/www.jedecore.fr\\\/blog\\\/les-tendances-deco-murale-2025-couleurs-motifs-et-styles-a-adopter\\\/#primaryimage\"},\"thumbnailUrl\":\"https:\\\/\\\/www.jedecore.fr\\\/blog\\\/wp-content\\\/uploads\\\/2025\\\/02\\\/Design-sans-titre-2025-02-24T151458.438.png\",\"articleSection\":[\"D\u00e9coration int\u00e9rieure\"],\"inLanguage\":\"fr-FR\",\"potentialAction\":[{\"@type\":\"CommentAction\",\"name\":\"Comment\",\"target\":[\"https:\\\/\\\/www.jedecore.fr\\\/blog\\\/les-tendances-deco-murale-2025-couleurs-motifs-et-styles-a-adopter\\\/#respond\"]}]},{\"@type\":\"WebPage\",\"@id\":\"https:\\\/\\\/www.jedecore.fr\\\/blog\\\/les-tendances-deco-murale-2025-couleurs-motifs-et-styles-a-adopter\\\/\",\"url\":\"https:\\\/\\\/www.jedecore.fr\\\/blog\\\/les-tendances-deco-murale-2025-couleurs-motifs-et-styles-a-adopter\\\/\",\"name\":\"Les tendances d\u00e9co murale 2025 : couleurs, motifs et styles \u00e0 adopter - JeDecore\",\"isPartOf\":{\"@id\":\"https:\\\/\\\/www.jedecore.fr\\\/blog\\\/#website\"},\"primaryImageOfPage\":{\"@id\":\"https:\\\/\\\/www.jedecore.fr\\\/blog\\\/les-tendances-deco-murale-2025-couleurs-motifs-et-styles-a-adopter\\\/#primaryimage\"},\"image\":{\"@id\":\"https:\\\/\\\/www.jedecore.fr\\\/blog\\\/les-tendances-deco-murale-2025-couleurs-motifs-et-styles-a-adopter\\\/#primaryimage\"},\"thumbnailUrl\":\"https:\\\/\\\/www.jedecore.fr\\\/blog\\\/wp-content\\\/uploads\\\/2025\\\/02\\\/Design-sans-titre-2025-02-24T151458.438.png\",\"datePublished\":\"2025-03-12T14:11:39+00:00\",\"dateModified\":\"2025-03-12T14:11:41+00:00\",\"description\":\"D\u00e9couvrez les tendances d\u00e9co murale : couleurs, motifs et styles incontournables pour sublimer votre int\u00e9rieur avec \u00e9l\u00e9gance et modernit\u00e9.\",\"breadcrumb\":{\"@id\":\"https:\\\/\\\/www.jedecore.fr\\\/blog\\\/les-tendances-deco-murale-2025-couleurs-motifs-et-styles-a-adopter\\\/#breadcrumb\"},\"inLanguage\":\"fr-FR\",\"potentialAction\":[{\"@type\":\"ReadAction\",\"target\":[\"https:\\\/\\\/www.jedecore.fr\\\/blog\\\/les-tendances-deco-murale-2025-couleurs-motifs-et-styles-a-adopter\\\/\"]}]},{\"@type\":\"ImageObject\",\"inLanguage\":\"fr-FR\",\"@id\":\"https:\\\/\\\/www.jedecore.fr\\\/blog\\\/les-tendances-deco-murale-2025-couleurs-motifs-et-styles-a-adopter\\\/#primaryimage\",\"url\":\"https:\\\/\\\/www.jedecore.fr\\\/blog\\\/wp-content\\\/uploads\\\/2025\\\/02\\\/Design-sans-titre-2025-02-24T151458.438.png\",\"contentUrl\":\"https:\\\/\\\/www.jedecore.fr\\\/blog\\\/wp-content\\\/uploads\\\/2025\\\/02\\\/Design-sans-titre-2025-02-24T151458.438.png\",\"width\":1728,\"height\":864},{\"@type\":\"BreadcrumbList\",\"@id\":\"https:\\\/\\\/www.jedecore.fr\\\/blog\\\/les-tendances-deco-murale-2025-couleurs-motifs-et-styles-a-adopter\\\/#breadcrumb\",\"itemListElement\":[{\"@type\":\"ListItem\",\"position\":1,\"name\":\"Accueil\",\"item\":\"https:\\\/\\\/www.jedecore.fr\\\/blog\\\/\"},{\"@type\":\"ListItem\",\"position\":2,\"name\":\"Les tendances d\u00e9co murale 2025 : couleurs, motifs et styles \u00e0 adopter\"}]},{\"@type\":\"WebSite\",\"@id\":\"https:\\\/\\\/www.jedecore.fr\\\/blog\\\/#website\",\"url\":\"https:\\\/\\\/www.jedecore.fr\\\/blog\\\/\",\"name\":\"JeDecore\",\"description\":\"Ma d\u00e9co 100% personnalis\u00e9e !\",\"publisher\":{\"@id\":\"https:\\\/\\\/www.jedecore.fr\\\/blog\\\/#organization\"},\"potentialAction\":[{\"@type\":\"SearchAction\",\"target\":{\"@type\":\"EntryPoint\",\"urlTemplate\":\"https:\\\/\\\/www.jedecore.fr\\\/blog\\\/?s={search_term_string}\"},\"query-input\":{\"@type\":\"PropertyValueSpecification\",\"valueRequired\":true,\"valueName\":\"search_term_string\"}}],\"inLanguage\":\"fr-FR\"},{\"@type\":\"Organization\",\"@id\":\"https:\\\/\\\/www.jedecore.fr\\\/blog\\\/#organization\",\"name\":\"JeDecore\",\"url\":\"https:\\\/\\\/www.jedecore.fr\\\/blog\\\/\",\"logo\":{\"@type\":\"ImageObject\",\"inLanguage\":\"fr-FR\",\"@id\":\"https:\\\/\\\/www.jedecore.fr\\\/blog\\\/#\\\/schema\\\/logo\\\/image\\\/\",\"url\":\"https:\\\/\\\/www.jedecore.fr\\\/blog\\\/wp-content\\\/uploads\\\/2022\\\/03\\\/cropped-logo-je-decore.png\",\"contentUrl\":\"https:\\\/\\\/www.jedecore.fr\\\/blog\\\/wp-content\\\/uploads\\\/2022\\\/03\\\/cropped-logo-je-decore.png\",\"width\":940,\"height\":500,\"caption\":\"JeDecore\"},\"image\":{\"@id\":\"https:\\\/\\\/www.jedecore.fr\\\/blog\\\/#\\\/schema\\\/logo\\\/image\\\/\"}},{\"@type\":\"Person\",\"@id\":\"https:\\\/\\\/www.jedecore.fr\\\/blog\\\/#\\\/schema\\\/person\\\/e631975d90cc4526d81550253a8e2d03\",\"name\":\"Thomas\",\"image\":{\"@type\":\"ImageObject\",\"inLanguage\":\"fr-FR\",\"@id\":\"https:\\\/\\\/secure.gravatar.com\\\/avatar\\\/a29acbd2174611e826f7d881823703b38d7670f74c32c8b99d13ba9b25f07eff?s=96&d=mm&r=g\",\"url\":\"https:\\\/\\\/secure.gravatar.com\\\/avatar\\\/a29acbd2174611e826f7d881823703b38d7670f74c32c8b99d13ba9b25f07eff?s=96&d=mm&r=g\",\"contentUrl\":\"https:\\\/\\\/secure.gravatar.com\\\/avatar\\\/a29acbd2174611e826f7d881823703b38d7670f74c32c8b99d13ba9b25f07eff?s=96&d=mm&r=g\",\"caption\":\"Thomas\"},\"sameAs\":[\"https:\\\/\\\/www.jedecore.fr\\\/blog\"],\"url\":\"https:\\\/\\\/www.jedecore.fr\\\/blog\\\/author\\\/admin_jd\\\/\"}]}<\/script>\r\n<!-- \/ Yoast SEO plugin. -->","yoast_head_json":{"title":"Les tendances d\u00e9co murale 2025 : couleurs, motifs et styles \u00e0 adopter - JeDecore","description":"D\u00e9couvrez les tendances d\u00e9co murale : couleurs, motifs et styles incontournables pour sublimer votre int\u00e9rieur avec \u00e9l\u00e9gance et modernit\u00e9.","robots":{"index":"index","follow":"follow","max-snippet":"max-snippet:-1","max-image-preview":"max-image-preview:large","max-video-preview":"max-video-preview:-1"},"canonical":"https:\/\/www.jedecore.fr\/blog\/les-tendances-deco-murale-2025-couleurs-motifs-et-styles-a-adopter\/","og_locale":"fr_FR","og_type":"article","og_title":"Les tendances d\u00e9co murale 2025 : couleurs, motifs et styles \u00e0 adopter - JeDecore","og_description":"D\u00e9couvrez les tendances d\u00e9co murale : couleurs, motifs et styles incontournables pour sublimer votre int\u00e9rieur avec \u00e9l\u00e9gance et modernit\u00e9.","og_url":"https:\/\/www.jedecore.fr\/blog\/les-tendances-deco-murale-2025-couleurs-motifs-et-styles-a-adopter\/","og_site_name":"JeDecore","article_published_time":"2025-03-12T14:11:39+00:00","article_modified_time":"2025-03-12T14:11:41+00:00","og_image":[{"url":"https:\/\/www.jedecore.fr\/blog\/wp-content\/uploads\/2025\/02\/Design-sans-titre-2025-02-24T151458.438.png","width":640,"height":320,"type":"image\/png"}],"author":"Thomas","twitter_card":"summary_large_image","twitter_misc":{"\u00c9crit par":"Thomas","Dur\u00e9e de lecture estim\u00e9e":"5 minutes"},"schema":{"@context":"https:\/\/schema.org","@graph":[{"@type":"Article","@id":"https:\/\/www.jedecore.fr\/blog\/les-tendances-deco-murale-2025-couleurs-motifs-et-styles-a-adopter\/#article","isPartOf":{"@id":"https:\/\/www.jedecore.fr\/blog\/les-tendances-deco-murale-2025-couleurs-motifs-et-styles-a-adopter\/"},"author":{"name":"Thomas","@id":"https:\/\/www.jedecore.fr\/blog\/#\/schema\/person\/e631975d90cc4526d81550253a8e2d03"},"headline":"Les tendances d\u00e9co murale 2025 : couleurs, motifs et styles \u00e0 adopter","datePublished":"2025-03-12T14:11:39+00:00","dateModified":"2025-03-12T14:11:41+00:00","mainEntityOfPage":{"@id":"https:\/\/www.jedecore.fr\/blog\/les-tendances-deco-murale-2025-couleurs-motifs-et-styles-a-adopter\/"},"wordCount":507,"commentCount":0,"publisher":{"@id":"https:\/\/www.jedecore.fr\/blog\/#organization"},"image":{"@id":"https:\/\/www.jedecore.fr\/blog\/les-tendances-deco-murale-2025-couleurs-motifs-et-styles-a-adopter\/#primaryimage"},"thumbnailUrl":"https:\/\/www.jedecore.fr\/blog\/wp-content\/uploads\/2025\/02\/Design-sans-titre-2025-02-24T151458.438.png","articleSection":["D\u00e9coration int\u00e9rieure"],"inLanguage":"fr-FR","potentialAction":[{"@type":"CommentAction","name":"Comment","target":["https:\/\/www.jedecore.fr\/blog\/les-tendances-deco-murale-2025-couleurs-motifs-et-styles-a-adopter\/#respond"]}]},{"@type":"WebPage","@id":"https:\/\/www.jedecore.fr\/blog\/les-tendances-deco-murale-2025-couleurs-motifs-et-styles-a-adopter\/","url":"https:\/\/www.jedecore.fr\/blog\/les-tendances-deco-murale-2025-couleurs-motifs-et-styles-a-adopter\/","name":"Les tendances d\u00e9co murale 2025 : couleurs, motifs et styles \u00e0 adopter - JeDecore","isPartOf":{"@id":"https:\/\/www.jedecore.fr\/blog\/#website"},"primaryImageOfPage":{"@id":"https:\/\/www.jedecore.fr\/blog\/les-tendances-deco-murale-2025-couleurs-motifs-et-styles-a-adopter\/#primaryimage"},"image":{"@id":"https:\/\/www.jedecore.fr\/blog\/les-tendances-deco-murale-2025-couleurs-motifs-et-styles-a-adopter\/#primaryimage"},"thumbnailUrl":"https:\/\/www.jedecore.fr\/blog\/wp-content\/uploads\/2025\/02\/Design-sans-titre-2025-02-24T151458.438.png","datePublished":"2025-03-12T14:11:39+00:00","dateModified":"2025-03-12T14:11:41+00:00","description":"D\u00e9couvrez les tendances d\u00e9co murale : couleurs, motifs et styles incontournables pour sublimer votre int\u00e9rieur avec \u00e9l\u00e9gance et modernit\u00e9.","breadcrumb":{"@id":"https:\/\/www.jedecore.fr\/blog\/les-tendances-deco-murale-2025-couleurs-motifs-et-styles-a-adopter\/#breadcrumb"},"inLanguage":"fr-FR","potentialAction":[{"@type":"ReadAction","target":["https:\/\/www.jedecore.fr\/blog\/les-tendances-deco-murale-2025-couleurs-motifs-et-styles-a-adopter\/"]}]},{"@type":"ImageObject","inLanguage":"fr-FR","@id":"https:\/\/www.jedecore.fr\/blog\/les-tendances-deco-murale-2025-couleurs-motifs-et-styles-a-adopter\/#primaryimage","url":"https:\/\/www.jedecore.fr\/blog\/wp-content\/uploads\/2025\/02\/Design-sans-titre-2025-02-24T151458.438.png","contentUrl":"https:\/\/www.jedecore.fr\/blog\/wp-content\/uploads\/2025\/02\/Design-sans-titre-2025-02-24T151458.438.png","width":1728,"height":864},{"@type":"BreadcrumbList","@id":"https:\/\/www.jedecore.fr\/blog\/les-tendances-deco-murale-2025-couleurs-motifs-et-styles-a-adopter\/#breadcrumb","itemListElement":[{"@type":"ListItem","position":1,"name":"Accueil","item":"https:\/\/www.jedecore.fr\/blog\/"},{"@type":"ListItem","position":2,"name":"Les tendances d\u00e9co murale 2025 : couleurs, motifs et styles \u00e0 adopter"}]},{"@type":"WebSite","@id":"https:\/\/www.jedecore.fr\/blog\/#website","url":"https:\/\/www.jedecore.fr\/blog\/","name":"JeDecore","description":"Ma d\u00e9co 100% personnalis\u00e9e !","publisher":{"@id":"https:\/\/www.jedecore.fr\/blog\/#organization"},"potentialAction":[{"@type":"SearchAction","target":{"@type":"EntryPoint","urlTemplate":"https:\/\/www.jedecore.fr\/blog\/?s={search_term_string}"},"query-input":{"@type":"PropertyValueSpecification","valueRequired":true,"valueName":"search_term_string"}}],"inLanguage":"fr-FR"},{"@type":"Organization","@id":"https:\/\/www.jedecore.fr\/blog\/#organization","name":"JeDecore","url":"https:\/\/www.jedecore.fr\/blog\/","logo":{"@type":"ImageObject","inLanguage":"fr-FR","@id":"https:\/\/www.jedecore.fr\/blog\/#\/schema\/logo\/image\/","url":"https:\/\/www.jedecore.fr\/blog\/wp-content\/uploads\/2022\/03\/cropped-logo-je-decore.png","contentUrl":"https:\/\/www.jedecore.fr\/blog\/wp-content\/uploads\/2022\/03\/cropped-logo-je-decore.png","width":940,"height":500,"caption":"JeDecore"},"image":{"@id":"https:\/\/www.jedecore.fr\/blog\/#\/schema\/logo\/image\/"}},{"@type":"Person","@id":"https:\/\/www.jedecore.fr\/blog\/#\/schema\/person\/e631975d90cc4526d81550253a8e2d03","name":"Thomas","image":{"@type":"ImageObject","inLanguage":"fr-FR","@id":"https:\/\/secure.gravatar.com\/avatar\/a29acbd2174611e826f7d881823703b38d7670f74c32c8b99d13ba9b25f07eff?s=96&d=mm&r=g","url":"https:\/\/secure.gravatar.com\/avatar\/a29acbd2174611e826f7d881823703b38d7670f74c32c8b99d13ba9b25f07eff?s=96&d=mm&r=g","contentUrl":"https:\/\/secure.gravatar.com\/avatar\/a29acbd2174611e826f7d881823703b38d7670f74c32c8b99d13ba9b25f07eff?s=96&d=mm&r=g","caption":"Thomas"},"sameAs":["https:\/\/www.jedecore.fr\/blog"],"url":"https:\/\/www.jedecore.fr\/blog\/author\/admin_jd\/"}]}},"_links":{"self":[{"href":"https:\/\/www.jedecore.fr\/blog\/wp-json\/wp\/v2\/posts\/912","targetHints":{"allow":["GET"]}}],"collection":[{"href":"https:\/\/www.jedecore.fr\/blog\/wp-json\/wp\/v2\/posts"}],"about":[{"href":"https:\/\/www.jedecore.fr\/blog\/wp-json\/wp\/v2\/types\/post"}],"author":[{"embeddable":true,"href":"https:\/\/www.jedecore.fr\/blog\/wp-json\/wp\/v2\/users\/1"}],"replies":[{"embeddable":true,"href":"https:\/\/www.jedecore.fr\/blog\/wp-json\/wp\/v2\/comments?post=912"}],"version-history":[{"count":3,"href":"https:\/\/www.jedecore.fr\/blog\/wp-json\/wp\/v2\/posts\/912\/revisions"}],"predecessor-version":[{"id":925,"href":"https:\/\/www.jedecore.fr\/blog\/wp-json\/wp\/v2\/posts\/912\/revisions\/925"}],"wp:featuredmedia":[{"embeddable":true,"href":"https:\/\/www.jedecore.fr\/blog\/wp-json\/wp\/v2\/media\/922"}],"wp:attachment":[{"href":"https:\/\/www.jedecore.fr\/blog\/wp-json\/wp\/v2\/media?parent=912"}],"wp:term":[{"taxonomy":"category","embeddable":true,"href":"https:\/\/www.jedecore.fr\/blog\/wp-json\/wp\/v2\/categories?post=912"},{"taxonomy":"post_tag","embeddable":true,"href":"https:\/\/www.jedecore.fr\/blog\/wp-json\/wp\/v2\/tags?post=912"}],"curies":[{"name":"wp","href":"https:\/\/api.w.org\/{rel}","templated":true}]}}